{"id":108,"date":"2020-11-18T14:12:48","date_gmt":"2020-11-18T13:12:48","guid":{"rendered":"https:\/\/alexcruzel.com\/blog\/?p=108"},"modified":"2024-12-12T06:22:18","modified_gmt":"2024-12-12T05:22:18","slug":"cheveux-boucles","status":"publish","type":"post","link":"https:\/\/www.alexcruzel.com\/blog\/cheveux-boucles\/","title":{"rendered":"Les cheveux boucl\u00e9s"},"content":{"rendered":"\n<p>En cette fin 2020 nous avons encore peu de sp\u00e9cialistes de cheveux boucl\u00e9s, au grand regret des client(es). Pourtant cette client\u00e8le est une des plus fid\u00e8les. Aujourd&rsquo;hui, il existe un processus bien \u00e9tabli, connu des sp\u00e9cialistes de cheveux boucl\u00e9s, pour satisfaire et fid\u00e9liser ses clients.<\/p>\n\n\n\n<h2 class=\"wp-block-heading\">Mon travail et mon analyse sur les cheveux boucl\u00e9s.<\/h2>\n\n\n\n<p>Tout d&rsquo;abord, il faut \u00e9couter, rassurer et conseiller le client. Conna\u00eetre son parcours capillaire. Lui apprendre \u00e0 comprendre son cheveu souple, boucl\u00e9, fris\u00e9 ou cr\u00e9pu, \u00e0 double ou triple texture. Tout simplement, lui apprendre \u00e0 aimer ses cheveux et \u00e0 les g\u00e9rer au quotidien. Mais aussi lui enseigner comment utiliser les bons produits et dans quel ordre. Partager et donner des <a href=\"https:\/\/www.alexcruzel.com\/blog\/techniques-de-coiffage-pour-cheveux-boucles\/\">astuces pour les coiffer<\/a>, lui expliquer quels accessoires et diffuseurs utiliser. Comment prot\u00e9ger ses cheveux ? Que faire avec ses cheveux au moment d&rsquo;aller au lit ? Quel shampoing et quelle <a href=\"https:\/\/www.alexcruzel.com\/blog\/routine-cheveux\/\" target=\"_blank\" rel=\"noreferrer noopener\">routine<\/a> adopter ?<\/p>\n\n\n\n<h3 class=\"wp-block-heading\">Mes conseils<\/h3>\n\n\n\n<p>Identifier vos besoins \u00e0 travers un protocole personnalis\u00e9. Comprendre l&rsquo;importance d&rsquo;utiliser des <a href=\"https:\/\/www.alexcruzel.com\/blog\/plantes\/\">produits naturels<\/a> ou bio. Les cheveux boucl\u00e9s sont avant tout fragiles et secs \u00e0 tr\u00e8s secs. C&rsquo;est pourquoi ils doivent \u00eatre trait\u00e9s avec la plus grande douceur. Attention, donc, aux produits avec des <a href=\"https:\/\/www.alexcruzel.com\/blog\/sulfate-paraben-et-silicone-quels-dangers-pour-nos-cheveux\/\" target=\"_blank\" rel=\"noreferrer noopener\">composants<\/a> essentiellement chimiques, qui ne feront qu&#8217;empirer l&rsquo;\u00e9tat de vos boucles. Prenez garde \u00e9galement aux colorants et <a href=\"https:\/\/www.alexcruzel.com\/blog\/coloration-capillaire\/\">d\u00e9colorants chimiques<\/a> qui d\u00e9naturent fortement vos boucles.<\/p>\n\n\n\n<p>Pour celles qui utilisent ces produits chimiques, faites un <a href=\"https:\/\/www.alexcruzel.com\/blog\/soin-detox\/\">masque \u00e0 l&rsquo;argile<\/a> afin de remettre tous les compteurs \u00e0 z\u00e9ro. Je conseille aussi de se diriger vers des <a href=\"https:\/\/www.alexcruzel.com\/blog\/cosmetique-bio\/\" target=\"_blank\" rel=\"noreferrer noopener\">produits naturels<\/a> (coloration v\u00e9g\u00e9tale ou naturelle, d\u00e9colorant \u00e0 l&rsquo;argile plus doux et moins nocif). Mettez en place un protocole proche de celui de la peau : <a href=\"https:\/\/www.alexcruzel.com\/blog\/composants-shampoing\/\">laver<\/a>, hydrater ou nourrir, cr\u00e8me de jour et maquillage ou d\u00e9finisseur de boucles.<\/p>\n\n\n\n<p>Pour ma part, je travaille avec la gamme <a href=\"https:\/\/www.alexcruzel.com\/blog\/boucleme-la-marque\/\" target=\"_blank\" rel=\"noreferrer noopener\">Boucl\u00e8me<\/a>, sp\u00e9cialiste pour tous types de boucles. C&rsquo;est une gamme de produits organiques, sans paraben, sans silicone, sans sulfate. C&rsquo;est, en plus, un commerce \u00e9quitable et qui ne fait pas de test sur les animaux. <\/p>\n\n\n\n<h3 class=\"wp-block-heading\">Ma m\u00e9thode<\/h3>\n\n\n\n<p>Pour la coupe, la consultation, le diagnostic, le conseil et la morphologie sont des \u00e9l\u00e9ments dont il faut tenir compte pour un travail r\u00e9ussi. Une <a href=\"https:\/\/www.alexcruzel.com\/blog\/cheveux-secs\/\">coupe sur cheveux secs<\/a> ou mouill\u00e9s sera \u00e0 d\u00e9terminer. Cela permet d&rsquo;associer la bonne longueur ou d\u00e9grad\u00e9 et la bonne mati\u00e8re ou texture, pour un r\u00e9sultat incomparable. Ne pas trop couper est une r\u00e8gle importante. L&rsquo;hydratation, c&rsquo;est la cl\u00e9 du succ\u00e8s pour des boucles bien d\u00e9finies, l\u00e9g\u00e8res et a\u00e9riennes ! C&rsquo;est \u00e9galement l&rsquo;\u00e9l\u00e9ment obligatoire pour la mise en beaut\u00e9 finale et pour faciliter le <a href=\"https:\/\/www.alexcruzel.com\/blog\/secher-naturellement-ses-cheveux\/\" target=\"_blank\" rel=\"noreferrer noopener\">s\u00e9chage naturel<\/a>. Ainsi la coupe durera plus longtemps. Pour un r\u00e9sultat proche de la perfection sont donc indispensables : une bonne coupe et de bons produits.<\/p>\n\n\n\n<p>Apr\u00e8s cette juste analyse et ces conseils pertinents, votre beaut\u00e9 capillaire sera au rendez-vous. <\/p>\n\n\n<div class=\"wp-block-image\">\n<figure class=\"aligncenter size-full is-resized\"><img loading=\"lazy\" decoding=\"async\" width=\"1000\" height=\"1000\" src=\"https:\/\/www.alexcruzel.com\/blog\/wp-content\/uploads\/2023\/02\/les-cheveux-boucles-1.jpg\" alt=\"\" class=\"wp-image-561\" style=\"width:500px;height:500px\" srcset=\"https:\/\/www.alexcruzel.com\/blog\/wp-content\/uploads\/2023\/02\/les-cheveux-boucles-1.jpg 1000w, https:\/\/www.alexcruzel.com\/blog\/wp-content\/uploads\/2023\/02\/les-cheveux-boucles-1-300x300.jpg 300w, https:\/\/www.alexcruzel.com\/blog\/wp-content\/uploads\/2023\/02\/les-cheveux-boucles-1-150x150.jpg 150w, https:\/\/www.alexcruzel.com\/blog\/wp-content\/uploads\/2023\/02\/les-cheveux-boucles-1-768x768.jpg 768w, https:\/\/www.alexcruzel.com\/blog\/wp-content\/uploads\/2023\/02\/les-cheveux-boucles-1-900x900.jpg 900w, https:\/\/www.alexcruzel.com\/blog\/wp-content\/uploads\/2023\/02\/les-cheveux-boucles-1-400x400.jpg 400w\" sizes=\"auto, (max-width: 1000px) 100vw, 1000px\" \/><\/figure>\n<\/div>\n\n\n<h2 class=\"wp-block-heading\">Le d\u00e9cryptage d&rsquo;un cheveu boucl\u00e9<\/h2>\n\n\n\n<p>Quels types de boucles avez-vous ? Voici <a href=\"https:\/\/www.alexcruzel.com\/blog\/cheveux-boucles\/\">les trois principaux types de boucles<\/a> que l&rsquo;on peut retrouver.<\/p>\n\n\n\n<h3 class=\"wp-block-heading\">Les cheveux ondul\u00e9s<\/h3>\n\n\n\n<h4 class=\"wp-block-heading\"><strong>Le type 2 <\/strong><\/h4>\n\n\n\n<ol class=\"wp-block-list\">\n<li>Ce sont des cheveux ondul\u00e9s dont les m\u00e8ches sont en forme de \u00ab\u00a0S\u00a0\u00bb. Les racines sont presque raides. Et les demi-longueurs et longueurs ont de l\u00e9g\u00e8res vagues ou courbes. La texture des cheveux peut \u00eatre fine, moyenne ou \u00e9paisse. <\/li>\n\n\n\n<li>Les cheveux restent proches du visage.<\/li>\n\n\n\n<li>Le principal probl\u00e8me de ce type de cheveu, c&rsquo;est le volume, la formation et la tenue des ondulations ou waves. Quelques conseils pour les coiffer :<\/li>\n<\/ol>\n\n\n\n<ul class=\"wp-block-list\">\n<li>N&rsquo;appliquez pas de soin (masques ou conditionner) sur les racines.\n<ul class=\"wp-block-list\">\n<li>Appliquez \u00e0 partir des demi-longueurs et jusqu&rsquo;aux pointes.<\/li>\n\n\n\n<li>Appliquez votre <a href=\"https:\/\/www.alexcruzel.com\/blog\/boucleme-la-marque\/\">Defining Ge<\/a>l ou le Curl Styling Gel, puis peignez vos cheveux.<\/li>\n<\/ul>\n<\/li>\n\n\n\n<li>Divisez votre chevelure en plusieurs sections. Prenez chaque section, placez vos pointes dans le creux de la main, remontez jusqu&rsquo;\u00e0 la racine et attendez 15 \u00e0 20 secondes.<\/li>\n\n\n\n<li>Vous pouvez les placer ensuite dans une serviette pour maintenir les ondulations.\n<ul class=\"wp-block-list\">\n<li>Le <a href=\"https:\/\/www.alexcruzel.com\/blog\/le-seche-cheveux\/\" target=\"_blank\" rel=\"noreferrer noopener\">s\u00e9chage au diffuseur<\/a> chaussette prend plus de temps, mais vous garantit de plus jolies ondulations. <\/li>\n<\/ul>\n<\/li>\n\n\n\n<li>Pour le lendemain, m\u00e9langez dans un vaporisateur d&rsquo;eau du Defining Gel ou Curl Styling Gel et vaporisez sur vos cheveux pour retrouver vos boucles.<\/li>\n<\/ul>\n\n\n\n<h4 class=\"wp-block-heading\">Les sous-cat\u00e9gories de type 2<\/h4>\n\n\n\n<p>On retrouve parmi le type 2 trois sous-cat\u00e9gories : le 2a, 2b et 2c.<\/p>\n\n\n\n<ul class=\"wp-block-list\">\n<li><strong>Type 2A<\/strong> : les cheveux sont fins et tr\u00e8s mall\u00e9ables, ils sont faciles \u00e0 lisser ou \u00e0 boucler.<\/li>\n\n\n\n<li><strong>Type 2B <\/strong>: cheveux m\u00e9diums. Ils sont moins faciles \u00e0 styliser et ont tendance \u00e0 friser.<\/li>\n\n\n\n<li><strong>Type 2C<\/strong> : cheveux \u00e9pais, pas faciles \u00e0 styliser et tendance \u00e0 friser. <\/li>\n<\/ul>\n\n\n\n<figure class=\"wp-block-gallery has-nested-images columns-default is-cropped wp-block-gallery-1 is-layout-flex wp-block-gallery-is-layout-flex\">\n<figure class=\"wp-block-image size-large is-style-rounded\"><a href=\"https:\/\/alexcruzel.com\/shop\/68-creme-soin-sans-rincage-metisse-crepus-de-chez-boucleme.html\"><img loading=\"lazy\" decoding=\"async\" width=\"800\" height=\"800\" data-id=\"439\" src=\"https:\/\/www.alexcruzel.com\/blog\/wp-content\/uploads\/2022\/11\/creme-soin-sans-rincage-metisse-crepus-de-chez-boucleme.jpeg\" alt=\"\" class=\"wp-image-439\" srcset=\"https:\/\/www.alexcruzel.com\/blog\/wp-content\/uploads\/2022\/11\/creme-soin-sans-rincage-metisse-crepus-de-chez-boucleme.jpeg 800w, https:\/\/www.alexcruzel.com\/blog\/wp-content\/uploads\/2022\/11\/creme-soin-sans-rincage-metisse-crepus-de-chez-boucleme-300x300.jpeg 300w, https:\/\/www.alexcruzel.com\/blog\/wp-content\/uploads\/2022\/11\/creme-soin-sans-rincage-metisse-crepus-de-chez-boucleme-150x150.jpeg 150w, https:\/\/www.alexcruzel.com\/blog\/wp-content\/uploads\/2022\/11\/creme-soin-sans-rincage-metisse-crepus-de-chez-boucleme-768x768.jpeg 768w, https:\/\/www.alexcruzel.com\/blog\/wp-content\/uploads\/2022\/11\/creme-soin-sans-rincage-metisse-crepus-de-chez-boucleme-400x400.jpeg 400w\" sizes=\"auto, (max-width: 800px) 100vw, 800px\" \/><\/a><figcaption class=\"wp-element-caption\">43\u20ac ttc Cr\u00e8me soin sans rin\u00e7age cheveux m\u00e9tiss\u00e9s \/ cr\u00e9pus Mon Shampoing<\/figcaption><\/figure>\n\n\n\n<figure class=\"wp-block-image size-large is-style-rounded\"><a href=\"https:\/\/alexcruzel.com\/shop\/30-apres-shampoing-de-chez-mon-shampoing.html\"><img loading=\"lazy\" decoding=\"async\" width=\"800\" height=\"800\" data-id=\"440\" src=\"https:\/\/www.alexcruzel.com\/blog\/wp-content\/uploads\/2022\/11\/apres-shampoing-de-chez-mon-shampoing.jpeg\" alt=\"\" class=\"wp-image-440\" srcset=\"https:\/\/www.alexcruzel.com\/blog\/wp-content\/uploads\/2022\/11\/apres-shampoing-de-chez-mon-shampoing.jpeg 800w, https:\/\/www.alexcruzel.com\/blog\/wp-content\/uploads\/2022\/11\/apres-shampoing-de-chez-mon-shampoing-300x300.jpeg 300w, https:\/\/www.alexcruzel.com\/blog\/wp-content\/uploads\/2022\/11\/apres-shampoing-de-chez-mon-shampoing-150x150.jpeg 150w, https:\/\/www.alexcruzel.com\/blog\/wp-content\/uploads\/2022\/11\/apres-shampoing-de-chez-mon-shampoing-768x768.jpeg 768w, https:\/\/www.alexcruzel.com\/blog\/wp-content\/uploads\/2022\/11\/apres-shampoing-de-chez-mon-shampoing-400x400.jpeg 400w\" sizes=\"auto, (max-width: 800px) 100vw, 800px\" \/><\/a><figcaption class=\"wp-element-caption\">29\u20ac ttc Apr\u00e8s-shampoing doux Mon shampoing<br><\/figcaption><\/figure>\n\n\n\n<figure class=\"wp-block-image size-large is-style-rounded\"><a href=\"https:\/\/alexcruzel.com\/shop\/66-diffuseur-chaussette-de-chez-ys-park.html\"><img loading=\"lazy\" decoding=\"async\" width=\"800\" height=\"800\" data-id=\"441\" src=\"https:\/\/www.alexcruzel.com\/blog\/wp-content\/uploads\/2022\/11\/diffuseur-chaussette-de-chez-ys-park.jpeg\" alt=\"\" class=\"wp-image-441\" srcset=\"https:\/\/www.alexcruzel.com\/blog\/wp-content\/uploads\/2022\/11\/diffuseur-chaussette-de-chez-ys-park.jpeg 800w, https:\/\/www.alexcruzel.com\/blog\/wp-content\/uploads\/2022\/11\/diffuseur-chaussette-de-chez-ys-park-300x300.jpeg 300w, https:\/\/www.alexcruzel.com\/blog\/wp-content\/uploads\/2022\/11\/diffuseur-chaussette-de-chez-ys-park-150x150.jpeg 150w, https:\/\/www.alexcruzel.com\/blog\/wp-content\/uploads\/2022\/11\/diffuseur-chaussette-de-chez-ys-park-768x768.jpeg 768w, https:\/\/www.alexcruzel.com\/blog\/wp-content\/uploads\/2022\/11\/diffuseur-chaussette-de-chez-ys-park-400x400.jpeg 400w\" sizes=\"auto, (max-width: 800px) 100vw, 800px\" \/><\/a><figcaption class=\"wp-element-caption\">35\u20ac ttc Diffuseur chaussette YS park<\/figcaption><\/figure>\n<\/figure>\n\n\n\n<h3 class=\"wp-block-heading\">Les cheveux fris\u00e9s<\/h3>\n\n\n\n<h4 class=\"wp-block-heading\">Le type 3<\/h4>\n\n\n\n<ol class=\"wp-block-list\">\n<li>Les m\u00e8ches forment un \u00ab\u00a0S\u00a0\u00bb, on note une nette r\u00e9p\u00e9tition de \u00ab\u00a0S\u00a0\u00bb. Les boucles sont mieux d\u00e9finies. On retrouve souvent un m\u00e9lange de boucles.<\/li>\n\n\n\n<li>Les boucles sont bien dessin\u00e9es et \u00e9lastiques.<\/li>\n\n\n\n<li>Les cheveux ont plus de corps, et l&rsquo;on peut facilement leur donner du style \u00e0 l&rsquo;\u00e9tat naturel ou les lisser au s\u00e8che-cheveux.<\/li>\n\n\n\n<li>Ils ne sont pas durs, mais mous.<\/li>\n<\/ol>\n\n\n\n<p>Veillez \u00e0 bien les hydrater, pour \u00e9viter que les boucles deviennent s\u00e8ches avec un c\u00f4t\u00e9 mousseux. Pensez \u00e9galement \u00e0 la coupe, les cheveux ont beaucoup de ressort, donc attention \u00e0 ne pas trop les couper en longueur. <a href=\"https:\/\/www.alexcruzel.com\/blog\/traitements-proteines\/\">Les soins<\/a> (masques ou conditionner) sont recommand\u00e9s apr\u00e8s chaque <a href=\"https:\/\/www.alexcruzel.com\/blog\/les-differentes-formes-de-shampoing\/\" target=\"_blank\" rel=\"noreferrer noopener\">shampoing<\/a>. Voici quelques conseils pour vous aider \u00e0 les coiffer\u00a0:<\/p>\n\n\n\n<ul class=\"wp-block-list\">\n<li>Les hydrater est essentiel, pour avoir des boucles bien d\u00e9finies et qui tiennent dans le temps.<\/li>\n\n\n\n<li>Si vous souhaitez moins de volume, d\u00e9m\u00ealez bien vos cheveux avec un peigne \u00e0 dents larges, sans vous \u00e9loigner du cuir chevelu. Vous obtenez ainsi plus de contr\u00f4le sur vos boucles et votre volume.<\/li>\n\n\n\n<li>Utilisez une cr\u00e8me de jour (Curl Cream) pour bien hydrater vos cheveux et ensuite, mettez votre d\u00e9finisseur (Curl styling ou Super Hold Styler), pour <a href=\"https:\/\/www.alexcruzel.com\/blog\/proteger-les-cheveux-en-hiver-et-en-ete\/\">une superbe d\u00e9finition des boucles<\/a>. <\/li>\n\n\n\n<li>Si vos racines sont grasses, ne mettez pas de produits dessus, commencez l&rsquo;application de votre produit \u00e0 5 cm des racines. <\/li>\n\n\n\n<li>Pour le matin, m\u00e9langez dans un vaporisateur la cr\u00e8me de jour (Curl Cream) et de l&rsquo;eau, puis vaporisez sur vos cheveux si n\u00e9cessaire.\n<ul class=\"wp-block-list\">\n<li>M\u00e9langez dans un autre vaporisateur de l&rsquo;eau et le d\u00e9finisseur (Curl Styling ou Super hold Styler) et vaporisez vos cheveux pour retrouver vos boucles, enfin, s\u00e9chez soit au diffuseur chaussette, soit de mani\u00e8re naturelle.<\/li>\n<\/ul>\n<\/li>\n<\/ul>\n\n\n\n<h4 class=\"wp-block-heading\">Les sous-cat\u00e9gories de type 3<\/h4>\n\n\n\n<p>Le type 3 regroupe trois sous-cat\u00e9gories : 3a, 3b et 3c. La sous-cat\u00e9gorie 3c ne fait pas partie de la typologie d&rsquo;Andr\u00e9 Walker, mais a \u00e9t\u00e9 ajout\u00e9e, par les personnes aux cheveux boucl\u00e9s qui estimaient qu&rsquo;il manquait une sous-cat\u00e9gorie.<\/p>\n\n\n\n<ul class=\"wp-block-list\">\n<li><strong>Type 3A<\/strong> : les boucles sont naturellement grosses, en vrac et g\u00e9n\u00e9ralement les cheveux sont tr\u00e8s brillants.<\/li>\n\n\n\n<li><strong>Type 3B<\/strong> : Une quantit\u00e9 moyenne de boucles. Elles peuvent avoir la forme de bouclettes ou de tire-bouchons.<\/li>\n\n\n\n<li><strong>Type 3C <\/strong>: Les boucles sont tr\u00e8s serr\u00e9es. Les cheveux peuvent \u00eatre <a href=\"https:\/\/www.alexcruzel.com\/blog\/la-transition-capillaire\/\">cr\u00e9pus ou fris\u00e9s<\/a>. Ils sont fins ou \u00e9pais, tr\u00e8s denses et s&rsquo;entassent. <\/li>\n<\/ul>\n\n\n<div class=\"wp-block-image\">\n<figure class=\"aligncenter size-full is-resized\"><img loading=\"lazy\" decoding=\"async\" width=\"1000\" height=\"1000\" src=\"https:\/\/www.alexcruzel.com\/blog\/wp-content\/uploads\/2023\/02\/les-cheveux-boucles-2.jpg\" alt=\"\" class=\"wp-image-563\" style=\"width:500px;height:500px\" srcset=\"https:\/\/www.alexcruzel.com\/blog\/wp-content\/uploads\/2023\/02\/les-cheveux-boucles-2.jpg 1000w, https:\/\/www.alexcruzel.com\/blog\/wp-content\/uploads\/2023\/02\/les-cheveux-boucles-2-300x300.jpg 300w, https:\/\/www.alexcruzel.com\/blog\/wp-content\/uploads\/2023\/02\/les-cheveux-boucles-2-150x150.jpg 150w, https:\/\/www.alexcruzel.com\/blog\/wp-content\/uploads\/2023\/02\/les-cheveux-boucles-2-768x768.jpg 768w, https:\/\/www.alexcruzel.com\/blog\/wp-content\/uploads\/2023\/02\/les-cheveux-boucles-2-900x900.jpg 900w, https:\/\/www.alexcruzel.com\/blog\/wp-content\/uploads\/2023\/02\/les-cheveux-boucles-2-400x400.jpg 400w\" sizes=\"auto, (max-width: 1000px) 100vw, 1000px\" \/><\/figure>\n<\/div>\n\n\n<h3 class=\"wp-block-heading\">Les cheveux cr\u00e9pus <\/h3>\n\n\n\n<h4 class=\"wp-block-heading\">Le type 4<\/h4>\n\n\n\n<ol class=\"wp-block-list\">\n<li>Les cheveux sont cr\u00e9pus ou tr\u00e8s fris\u00e9s.<\/li>\n\n\n\n<li>Les boucles sont tr\u00e8s fragiles, car moins pourvues de couches de cuticules et se cassent facilement. <\/li>\n\n\n\n<li>\u00c0 cause de leur forme h\u00e9lico\u00efdale, le s\u00e9bum ne peut pas se r\u00e9partir suffisamment sur toute la tige capillaire, par cons\u00e9quent les cheveux peuvent devenir ultra-secs. <\/li>\n\n\n\n<li>Les cheveux cr\u00e9pus se trouvent r\u00e9tr\u00e9cis de 75\u2009% en moyenne de leur longueur r\u00e9elle.<\/li>\n<\/ol>\n\n\n\n<p>Ces cheveux ont besoin de beaucoup d&rsquo;hydratation et d&rsquo;\u00eatre nourris r\u00e9guli\u00e8rement. Ils ont tr\u00e8s soif. Lorsque vous faites un soin (masque ou conditionner), mettez-en en grande quantit\u00e9 sur cheveux mouill\u00e9s. Diff\u00e9rentes <a href=\"https:\/\/www.alexcruzel.com\/blog\/secher-naturellement-ses-cheveux\/\">techniques de s\u00e9chage<\/a> existent pour modifier, corriger ou amplifier le volume. Car m\u00eame si l&rsquo;on a l&rsquo;impression d&rsquo;avoir beaucoup de volume, \u00e0 cause de leur densit\u00e9, les cheveux restent fins. Ils sont poreux et sensibles \u00e0 tous types de <a href=\"https:\/\/www.alexcruzel.com\/blog\/colorer-ou-decolorer-les-cheveux\/\" target=\"_blank\" rel=\"noreferrer noopener\">coloration ou d\u00e9coloration<\/a>. Attention donc aux produits que vous utilisez ! Les produits naturels sont de rigueur et m\u00eame indispensables. Quelques conseils pour vos cheveux\u00a0:<\/p>\n\n\n\n<ul class=\"wp-block-list\">\n<li>Attention au shampoing que vous utilisez, et appliquez-le surtout sur le cuir chevelu, car les demi-longueurs et les pointes ne n\u00e9cessitent pas d&rsquo;\u00eatre aussi lav\u00e9es que les racines. <\/li>\n\n\n\n<li>Pour maintenir une hydratation continue, des soins sont indispensables,  m\u00eame entre les shampoings.<\/li>\n\n\n\n<li>Ne rincez pas toujours vos soins compl\u00e8tement.<\/li>\n\n\n\n<li>Ne cherchez pas \u00e0 les d\u00e9m\u00ealer avec un peigne ni une brosse. Les doigts, ou un peigne afro sp\u00e9cifique, \u00e9vitent de trop tirer, et donc de casser les cheveux. Mais pr\u00e9servent aussi la longueur, et ne modifient pas le cycle de pousse et de chute du cheveu.<\/li>\n\n\n\n<li>Vous pouvez les twister pour une meilleure d\u00e9finition des boucles. Cela prend du temps, mais le r\u00e9sultat est garanti. <\/li>\n\n\n\n<li>S\u00e9chez vos cheveux \u00e0 l&rsquo;air libre ou avec un diffuseur chaussette. <\/li>\n<\/ul>\n\n\n\n<h4 class=\"wp-block-heading\">Les sous-cat\u00e9gories de type 4<\/h4>\n\n\n\n<p>Il existe 3 sous-cat\u00e9gories pour le cheveu de type 4 : 4a, 4b et 4c. La sous-cat\u00e9gorie 4c a \u00e9t\u00e9 ajout\u00e9e par les personnes aux cheveux boucl\u00e9s qui estimaient qu&rsquo;il manquait une sous-cat\u00e9gorie, elle ne fait donc pas partie de la typologie d&rsquo;Andr\u00e9 Walker.<\/p>\n\n\n\n<ul class=\"wp-block-list\">\n<li><strong>Type 4A<\/strong> : Les boucles tr\u00e8s serr\u00e9es forment un \u00ab\u00a0S\u00a0\u00bb, comme les autres cheveux boucl\u00e9s. Ils retiennent davantage l&rsquo;hydratation que le type 4B.<\/li>\n\n\n\n<li><strong>Type 4B<\/strong> : cheveux qui forment un \u00ab\u00a0Z\u00a0\u00bb plut\u00f4t qu&rsquo;un \u00ab\u00a0S\u00a0\u00bb, car au lieu de boucler ou de s&rsquo;enrouler, les cheveux se courbent en angles aigus comme un \u00ab\u00a0Z\u00a0\u00bb. Ils se d\u00e9shydratent plus vite que les 4A. <\/li>\n\n\n\n<li><strong>Type 4C<\/strong> : pas de d\u00e9finition de boucles, les cheveux sont tr\u00e8s cr\u00e9pus. <\/li>\n<\/ul>\n\n\n\n<p>Votre coiffeur sp\u00e9cialiste des cheveux boucl\u00e9s sur Paris.<\/p>\n","protected":false},"excerpt":{"rendered":"<p>En cette fin 2020 nous avons encore peu de sp\u00e9cialistes de cheveux boucl\u00e9s, au grand regret des client(es). Pourtant cette client\u00e8le est une des plus fid\u00e8les. Aujourd&rsquo;hui, il existe un processus bien \u00e9tabli, connu des sp\u00e9cialistes de cheveux boucl\u00e9s, pour satisfaire et fid\u00e9liser ses clients. Mon travail et mon analyse sur les cheveux boucl\u00e9s. Tout &hellip; <\/p>\n","protected":false},"author":5,"featured_media":133,"comment_status":"open","ping_status":"open","sticky":false,"template":"","format":"standard","meta":{"footnotes":""},"categories":[17],"tags":[],"class_list":["post-108","post","type-post","status-publish","format-standard","has-post-thumbnail","hentry","category-cheveux-boucles"],"_links":{"self":[{"href":"https:\/\/www.alexcruzel.com\/blog\/wp-json\/wp\/v2\/posts\/108","targetHints":{"allow":["GET"]}}],"collection":[{"href":"https:\/\/www.alexcruzel.com\/blog\/wp-json\/wp\/v2\/posts"}],"about":[{"href":"https:\/\/www.alexcruzel.com\/blog\/wp-json\/wp\/v2\/types\/post"}],"author":[{"embeddable":true,"href":"https:\/\/www.alexcruzel.com\/blog\/wp-json\/wp\/v2\/users\/5"}],"replies":[{"embeddable":true,"href":"https:\/\/www.alexcruzel.com\/blog\/wp-json\/wp\/v2\/comments?post=108"}],"version-history":[{"count":12,"href":"https:\/\/www.alexcruzel.com\/blog\/wp-json\/wp\/v2\/posts\/108\/revisions"}],"predecessor-version":[{"id":932,"href":"https:\/\/www.alexcruzel.com\/blog\/wp-json\/wp\/v2\/posts\/108\/revisions\/932"}],"wp:featuredmedia":[{"embeddable":true,"href":"https:\/\/www.alexcruzel.com\/blog\/wp-json\/wp\/v2\/media\/133"}],"wp:attachment":[{"href":"https:\/\/www.alexcruzel.com\/blog\/wp-json\/wp\/v2\/media?parent=108"}],"wp:term":[{"taxonomy":"category","embeddable":true,"href":"https:\/\/www.alexcruzel.com\/blog\/wp-json\/wp\/v2\/categories?post=108"},{"taxonomy":"post_tag","embeddable":true,"href":"https:\/\/www.alexcruzel.com\/blog\/wp-json\/wp\/v2\/tags?post=108"}],"curies":[{"name":"wp","href":"https:\/\/api.w.org\/{rel}","templated":true}]}}