{"id":1134,"date":"2025-02-18T12:20:01","date_gmt":"2025-02-18T11:20:01","guid":{"rendered":"https:\/\/alexcruzel.com\/blog\/?p=1134"},"modified":"2025-02-18T12:31:00","modified_gmt":"2025-02-18T11:31:00","slug":"masque-capillaire-ou-conditionneur","status":"publish","type":"post","link":"https:\/\/www.alexcruzel.com\/blog\/masque-capillaire-ou-conditionneur\/","title":{"rendered":"Masque capillaire ou conditionneur : quelle diff\u00e9rence et lequel choisir ?"},"content":{"rendered":"<div class=\"wp-block-image\">\n<figure class=\"aligncenter size-full is-resized\"><img loading=\"lazy\" decoding=\"async\" width=\"900\" height=\"600\" src=\"https:\/\/www.alexcruzel.com\/blog\/wp-content\/uploads\/2025\/02\/masque-vs-conditionneur-3.jpg\" alt=\"Masque vs conditionneur\" class=\"wp-image-1162\" style=\"width:600px\" srcset=\"https:\/\/www.alexcruzel.com\/blog\/wp-content\/uploads\/2025\/02\/masque-vs-conditionneur-3.jpg 900w, https:\/\/www.alexcruzel.com\/blog\/wp-content\/uploads\/2025\/02\/masque-vs-conditionneur-3-300x200.jpg 300w, https:\/\/www.alexcruzel.com\/blog\/wp-content\/uploads\/2025\/02\/masque-vs-conditionneur-3-768x512.jpg 768w, https:\/\/www.alexcruzel.com\/blog\/wp-content\/uploads\/2025\/02\/masque-vs-conditionneur-3-400x267.jpg 400w, https:\/\/www.alexcruzel.com\/blog\/wp-content\/uploads\/2025\/02\/masque-vs-conditionneur-3-360x240.jpg 360w\" sizes=\"auto, (max-width: 900px) 100vw, 900px\" \/><\/figure>\n<\/div>\n\n\n<p>Lorsqu&rsquo;il s&rsquo;agit de prendre soin de ses cheveux, il est essentiel de <a href=\"https:\/\/www.alexcruzel.com\/blog\/les-produits-capillaires-adaptes-aux-cheveux-boucles\/\">choisir les bons produits<\/a>. Deux incontournables de la routine capillaire sont souvent confondues : le conditionneur (ou apr\u00e8s-shampoing) et le masque capillaire. Pourtant, ils ont des compositions, des usages et des effets bien distincts. Comprendre ces diff\u00e9rences permet d&rsquo;optimiser sa routine capillaire et d&rsquo;obtenir des cheveux en pleine sant\u00e9.<\/p>\n\n\n\n<h2 class=\"wp-block-heading\"><strong>1. Le conditionneur : un soin l\u00e9ger pour un usage fr\u00e9quent<\/strong><\/h2>\n\n\n<div class=\"wp-block-image\">\n<figure class=\"aligncenter size-full is-resized\"><img loading=\"lazy\" decoding=\"async\" width=\"900\" height=\"600\" src=\"https:\/\/www.alexcruzel.com\/blog\/wp-content\/uploads\/2025\/02\/masque-vs-conditionneur-5.jpg\" alt=\"conditioner capillaire \" class=\"wp-image-1160\" style=\"width:600px\" srcset=\"https:\/\/www.alexcruzel.com\/blog\/wp-content\/uploads\/2025\/02\/masque-vs-conditionneur-5.jpg 900w, https:\/\/www.alexcruzel.com\/blog\/wp-content\/uploads\/2025\/02\/masque-vs-conditionneur-5-300x200.jpg 300w, https:\/\/www.alexcruzel.com\/blog\/wp-content\/uploads\/2025\/02\/masque-vs-conditionneur-5-768x512.jpg 768w, https:\/\/www.alexcruzel.com\/blog\/wp-content\/uploads\/2025\/02\/masque-vs-conditionneur-5-400x267.jpg 400w, https:\/\/www.alexcruzel.com\/blog\/wp-content\/uploads\/2025\/02\/masque-vs-conditionneur-5-360x240.jpg 360w\" sizes=\"auto, (max-width: 900px) 100vw, 900px\" \/><\/figure>\n<\/div>\n\n\n<p>Le conditionneur, \u00e9galement appel\u00e9 apr\u00e8s-shampoing, est un soin capillaire l\u00e9ger con\u00e7u pour un usage fr\u00e9quent, id\u00e9al apr\u00e8s chaque lavage des cheveux. Il joue un r\u00f4le essentiel dans <a href=\"https:\/\/www.alexcruzel.com\/blog\/routine-capillaire\/\">l&rsquo;entretien quotidien de la chevelure<\/a> en lui apportant douceur, brillance et facilit\u00e9 de coiffage sans l&rsquo;alourdir.<\/p>\n\n\n\n<h3 class=\"wp-block-heading\">Ses bienfaits <\/h3>\n\n\n\n<ul class=\"wp-block-list\">\n<li>D\u00e9m\u00eale les cheveux en facilitant le passage de la brosse, r\u00e9duisant ainsi la casse et les n\u0153uds.<\/li>\n\n\n\n<li>Lisse les cuticules pour rendre la chevelure plus douce et brillante, tout en <a href=\"https:\/\/www.alexcruzel.com\/blog\/reduire-les-frisottis\/\">limitant les frisottis<\/a>.<\/li>\n\n\n\n<li>Apporte une hydratation de surface qui pr\u00e9vient la s\u00e9cheresse et aide \u00e0 maintenir l&rsquo;\u00e9quilibre hydrique des cheveux.<\/li>\n\n\n\n<li><a href=\"https:\/\/www.alexcruzel.com\/blog\/purifier-et-detoxifier-son-cuir-chevelu\/\">Prot\u00e8ge les cheveux des agressions ext\u00e9rieures<\/a> comme la pollution, le soleil ou l&rsquo;utilisation fr\u00e9quente d&rsquo;outils chauffants.<\/li>\n\n\n\n<li>Facilite le coiffage et aide \u00e0 pr\u00e9venir l\u2019\u00e9lectricit\u00e9 statique.<\/li>\n\n\n\n<li>Am\u00e9liore la souplesse des cheveux en leur apportant plus de maniabilit\u00e9.<\/li>\n\n\n\n<li>Contribue \u00e0 maintenir la couleur des cheveux color\u00e9s en pr\u00e9venant le ternissement.<\/li>\n\n\n\n<li>Rend les cheveux plus r\u00e9sistants aux agressions m\u00e9caniques comme le brossage et les frottements contre l&rsquo;oreiller.<\/li>\n<\/ul>\n\n\n\n<h3 class=\"wp-block-heading\">Comment l\u2019appliquer ?<\/h3>\n\n\n\n<ul class=\"wp-block-list\">\n<li>Appliquer sur les longueurs et les pointes uniquement, en \u00e9vitant les racines pour ne pas alourdir la chevelure.<\/li>\n\n\n\n<li>R\u00e9partir uniform\u00e9ment en peignant avec les doigts ou un peigne \u00e0 dents larges.<\/li>\n\n\n\n<li>Laisser poser entre 1 et 3 minutes pour permettre au soin d&rsquo;agir efficacement.<\/li>\n\n\n\n<li>Rincer abondamment \u00e0 l&rsquo;eau ti\u00e8de pour \u00e9viter tout r\u00e9sidu qui pourrait ternir la chevelure.<\/li>\n\n\n\n<li>Pour une action renforc\u00e9e, terminer par un jet d&rsquo;eau froide afin de resserrer les cuticules et am\u00e9liorer la brillance des cheveux.<\/li>\n<\/ul>\n\n\n\n<h3 class=\"wp-block-heading\">Effet sur les cheveux <\/h3>\n\n\n\n<p>Le conditionneur agit principalement en surface pour offrir <a href=\"https:\/\/www.alexcruzel.com\/blog\/hydratation-des-cheveux-boucles\/\">une douceur imm\u00e9diate et faciliter le coiffage<\/a>. Il aide \u00e0 refermer les \u00e9cailles des cheveux apr\u00e8s le shampoing, leur donnant ainsi une apparence plus lisse et plus brillante. Son action hydratante et protectrice le rend parfaitement adapt\u00e9 \u00e0 un usage r\u00e9gulier, notamment pour les cheveux normaux \u00e0 secs ou l\u00e9g\u00e8rement sensibilis\u00e9s. Il est particuli\u00e8rement recommand\u00e9 pour les personnes ayant des cheveux longs ou sujets aux n\u0153uds, car il facilite le coiffage et pr\u00e9vient la casse.<\/p>\n\n\n\n<h2 class=\"wp-block-heading\"><strong>2. Le masque capillaire : un soin profond pour r\u00e9parer et nourrir<\/strong><\/h2>\n\n\n<div class=\"wp-block-image\">\n<figure class=\"aligncenter size-full is-resized\"><img loading=\"lazy\" decoding=\"async\" width=\"900\" height=\"600\" src=\"https:\/\/www.alexcruzel.com\/blog\/wp-content\/uploads\/2025\/02\/masque-vs-conditionneur-4.jpg\" alt=\"Le masque capillaire \" class=\"wp-image-1161\" style=\"width:600px\" srcset=\"https:\/\/www.alexcruzel.com\/blog\/wp-content\/uploads\/2025\/02\/masque-vs-conditionneur-4.jpg 900w, https:\/\/www.alexcruzel.com\/blog\/wp-content\/uploads\/2025\/02\/masque-vs-conditionneur-4-300x200.jpg 300w, https:\/\/www.alexcruzel.com\/blog\/wp-content\/uploads\/2025\/02\/masque-vs-conditionneur-4-768x512.jpg 768w, https:\/\/www.alexcruzel.com\/blog\/wp-content\/uploads\/2025\/02\/masque-vs-conditionneur-4-400x267.jpg 400w, https:\/\/www.alexcruzel.com\/blog\/wp-content\/uploads\/2025\/02\/masque-vs-conditionneur-4-360x240.jpg 360w\" sizes=\"auto, (max-width: 900px) 100vw, 900px\" \/><\/figure>\n<\/div>\n\n\n<p><a href=\"https:\/\/www.alexcruzel.com\/blog\/les-produits-capillaires-adaptes-aux-cheveux-boucles\/\">Le masque capillaire<\/a> est un soin intensif con\u00e7u pour traiter les cheveux en profondeur et leur apporter les nutriments essentiels. Contrairement \u00e0 un apr\u00e8s-shampoing qui agit principalement en surface pour d\u00e9m\u00ealer et adoucir, le masque p\u00e9n\u00e8tre au c\u0153ur de la fibre capillaire pour la restaurer en profondeur. Il cible des besoins sp\u00e9cifiques en fonction de sa formulation : r\u00e9paration des cheveux ab\u00eem\u00e9s, nutrition intense, hydratation profonde, protection contre les agressions ext\u00e9rieures (chaleur, pollution, colorations, etc.).<\/p>\n\n\n\n<h3 class=\"wp-block-heading\">Ses bienfaits<\/h3>\n\n\n\n<ul class=\"wp-block-list\">\n<li><strong>R\u00e9pare les cheveux ab\u00eem\u00e9s<\/strong> : il agit comme un pansement capillaire en r\u00e9duisant les fourches, en consolidant la fibre et en pr\u00e9venant la casse due aux traitements chimiques, aux brushings r\u00e9p\u00e9t\u00e9s ou \u00e0 l\u2019exposition au soleil.<\/li>\n\n\n\n<li><strong>Nourrit intens\u00e9ment<\/strong> : gr\u00e2ce \u00e0 ses <a href=\"https:\/\/www.alexcruzel.com\/blog\/traitements-proteines\/\">agents nutritifs<\/a> (huiles v\u00e9g\u00e9tales, beurres, prot\u00e9ines, k\u00e9ratine), il restaure les cheveux secs et ternes en comblant les br\u00e8ches et en rendant la fibre plus souple et r\u00e9sistante.<\/li>\n\n\n\n<li><strong>Apporte une hydratation profonde<\/strong> : indispensable pour <a href=\"https:\/\/www.alexcruzel.com\/blog\/cheveux-boucles\/\">les cheveux boucl\u00e9s, fris\u00e9s ou cr\u00e9pus<\/a> qui ont naturellement besoin de plus d\u2019hydratation pour rester d\u00e9finis et brillants.<\/li>\n\n\n\n<li><strong>Traite les probl\u00e8mes sp\u00e9cifiques<\/strong> : certains masques sont enrichis en ingr\u00e9dients apaisants comme l\u2019alo\u00e9 vera, l\u2019argile ou le menthol pour calmer les cuirs chevelus sensibles, ou en actifs purifiants pour lutter contre l\u2019exc\u00e8s de s\u00e9bum.<\/li>\n\n\n\n<li><strong>Am\u00e9liore l\u2019\u00e9clat et la douceur<\/strong> : en refermant les \u00e9cailles du cheveu, il lui redonne de la brillance et facilite le coiffage en r\u00e9duisant les frisottis.<\/li>\n<\/ul>\n\n\n\n<h3 class=\"wp-block-heading\">Comment l\u2019appliquer pour une efficacit\u00e9 optimale<\/h3>\n\n\n\n<ul class=\"wp-block-list\">\n<li>Appliquer sur cheveux propres et essor\u00e9s, car un exc\u00e8s d\u2019eau pourrait diluer le soin et r\u00e9duire son efficacit\u00e9.<\/li>\n\n\n\n<li>R\u00e9partir le masque sur les longueurs et les pointes, en \u00e9vitant les racines sauf si le masque est adapt\u00e9 au cuir chevelu.<\/li>\n\n\n\n<li>Masser doucement pour favoriser la p\u00e9n\u00e9tration des actifs et activer la microcirculation.<\/li>\n\n\n\n<li>Laisser poser entre 5 et 30 minutes, selon l\u2019intensit\u00e9 du soin et le temps disponible.<\/li>\n\n\n\n<li>Pour un effet renforc\u00e9, envelopper les cheveux dans une serviette chaude ou un bonnet chauffant afin d\u2019ouvrir les cuticules et maximiser l\u2019absorption du soin.<\/li>\n\n\n\n<li>Rincer abondamment \u00e0 l\u2019eau ti\u00e8de ou froide pour resserrer les \u00e9cailles et \u00e9viter tout r\u00e9sidu qui alourdirait la chevelure.<\/li>\n<\/ul>\n\n\n\n<h3 class=\"wp-block-heading\">Effet sur les cheveux : un v\u00e9ritable soin r\u00e9g\u00e9n\u00e9rant<\/h3>\n\n\n\n<p>Contrairement \u00e0 un apr\u00e8s-shampoing qui agit en surface pour d\u00e9m\u00ealer, le masque capillaire est un soin profond qui <a href=\"https:\/\/www.alexcruzel.com\/blog\/bonnet-thermique\/\">r\u00e9pare durablement la fibre capillaire<\/a>. Utilis\u00e9 r\u00e9guli\u00e8rement, une \u00e0 deux fois par semaine, il permet de renforcer les cheveux, d\u2019am\u00e9liorer leur \u00e9lasticit\u00e9 et leur r\u00e9sistance aux agressions. Avec le temps, la chevelure retrouve douceur, brillance et vitalit\u00e9.<\/p>\n\n\n\n<p>Il est essentiel de choisir <a href=\"https:\/\/www.alexcruzel.com\/blog\/le-coaching-capillaire\/\">un masque adapt\u00e9 \u00e0 son type de cheveux<\/a> (secs, color\u00e9s, cassants, gras, boucl\u00e9s) pour maximiser ses bienfaits et \u00e9viter d\u2019alourdir la fibre capillaire.<\/p>\n\n\n\n<h2 class=\"wp-block-heading\"><strong>3. Conditionneur ou masque : lequel choisir ?<\/strong><\/h2>\n\n\n<div class=\"wp-block-image\">\n<figure class=\"aligncenter size-full is-resized\"><img loading=\"lazy\" decoding=\"async\" width=\"900\" height=\"600\" src=\"https:\/\/www.alexcruzel.com\/blog\/wp-content\/uploads\/2025\/02\/masque-vs-conditionneur-7.jpg\" alt=\"Masque capillaire ou conditionneur \" class=\"wp-image-1158\" style=\"width:600px\" srcset=\"https:\/\/www.alexcruzel.com\/blog\/wp-content\/uploads\/2025\/02\/masque-vs-conditionneur-7.jpg 900w, https:\/\/www.alexcruzel.com\/blog\/wp-content\/uploads\/2025\/02\/masque-vs-conditionneur-7-300x200.jpg 300w, https:\/\/www.alexcruzel.com\/blog\/wp-content\/uploads\/2025\/02\/masque-vs-conditionneur-7-768x512.jpg 768w, https:\/\/www.alexcruzel.com\/blog\/wp-content\/uploads\/2025\/02\/masque-vs-conditionneur-7-400x267.jpg 400w, https:\/\/www.alexcruzel.com\/blog\/wp-content\/uploads\/2025\/02\/masque-vs-conditionneur-7-360x240.jpg 360w\" sizes=\"auto, (max-width: 900px) 100vw, 900px\" \/><\/figure>\n<\/div>\n\n\n<h3 class=\"wp-block-heading\">Conditionneur ou masque : lequel choisir ?<\/h3>\n\n\n\n<p>Le choix entre un conditionneur et un masque capillaire d\u00e9pend des besoins sp\u00e9cifiques de vos cheveux. Voici un tableau comparatif pour mieux comprendre leurs diff\u00e9rences et d\u00e9terminer lequel convient le mieux \u00e0 <a href=\"https:\/\/www.alexcruzel.com\/blog\/les-frisottis\/\">votre routine capillaire<\/a>.<\/p>\n\n\n\n<figure class=\"wp-block-table\"><table><thead><tr><td><strong>Aspect<\/strong><\/td><td><strong>Conditionneur<\/strong><\/td><td><strong>Masque<\/strong><\/td><\/tr><\/thead><tbody><tr><td><strong>Fr\u00e9quence d\u2019usage<\/strong><\/td><td>Apr\u00e8s chaque shampoing<\/td><td>1 \u00e0 2 fois par semaine<\/td><\/tr><tr><td><strong>Temps de pose<\/strong><\/td><td>1 \u00e0 3 minutes<\/td><td>5 \u00e0 30 minutes<\/td><\/tr><tr><td><strong>Action principale<\/strong><\/td><td>Hydratation et d\u00e9m\u00ealage en surface<\/td><td>R\u00e9paration et nutrition en profondeur<\/td><\/tr><tr><td><strong>Pour quel type de cheveux ?<\/strong><\/td><td>Cheveux normaux ou l\u00e9g\u00e8rement secs<\/td><td>Cheveux ab\u00eem\u00e9s, secs ou ayant des besoins sp\u00e9cifiques<\/td><\/tr><tr><td><strong>R\u00e9sultats<\/strong><\/td><td>Effet imm\u00e9diat sur la douceur et le coiffage<\/td><td>Am\u00e9lioration durable de la sant\u00e9 capillaire<\/td><\/tr><\/tbody><\/table><\/figure>\n\n\n\n<p>Si vos cheveux sont en bonne sant\u00e9, mais ont besoin d\u2019un entretien r\u00e9gulier, un conditionneur suffira pour maintenir leur hydratation et faciliter le d\u00e9m\u00ealage. En revanche, si vos <a href=\"https:\/\/www.alexcruzel.com\/blog\/hydratation-des-cheveux-boucles\/\">cheveux sont ab\u00eem\u00e9s, ternes ou d\u00e9shydrat\u00e9s<\/a>, l\u2019application d\u2019un masque une \u00e0 deux fois par semaine est indispensable pour leur apporter une nutrition en profondeur et les renforcer sur le long terme.<\/p>\n\n\n\n<h2 class=\"wp-block-heading\"><strong>4. L\u2019importance de combiner les deux<\/strong><\/h2>\n\n\n<div class=\"wp-block-image\">\n<figure class=\"aligncenter size-full is-resized\"><img loading=\"lazy\" decoding=\"async\" width=\"900\" height=\"600\" src=\"https:\/\/www.alexcruzel.com\/blog\/wp-content\/uploads\/2025\/02\/masque-vs-conditionneur-6.jpg\" alt=\"masque capillaire et conditionneur \" class=\"wp-image-1159\" style=\"width:600px\" srcset=\"https:\/\/www.alexcruzel.com\/blog\/wp-content\/uploads\/2025\/02\/masque-vs-conditionneur-6.jpg 900w, https:\/\/www.alexcruzel.com\/blog\/wp-content\/uploads\/2025\/02\/masque-vs-conditionneur-6-300x200.jpg 300w, https:\/\/www.alexcruzel.com\/blog\/wp-content\/uploads\/2025\/02\/masque-vs-conditionneur-6-768x512.jpg 768w, https:\/\/www.alexcruzel.com\/blog\/wp-content\/uploads\/2025\/02\/masque-vs-conditionneur-6-400x267.jpg 400w, https:\/\/www.alexcruzel.com\/blog\/wp-content\/uploads\/2025\/02\/masque-vs-conditionneur-6-360x240.jpg 360w\" sizes=\"auto, (max-width: 900px) 100vw, 900px\" \/><\/figure>\n<\/div>\n\n\n<p>Le conditionneur et le masque ne sont pas des soins oppos\u00e9s, bien au contraire : ils sont compl\u00e9mentaires. Alors que le conditionneur est un soin rapide et l\u00e9ger \u00e0 utiliser apr\u00e8s chaque lavage, il permet de garder les cheveux doux et faciles \u00e0 coiffer. Le masque, quant \u00e0 lui, offre une action plus intense et cible la r\u00e9paration et la nutrition en profondeur pour des r\u00e9sultats durables.<\/p>\n\n\n\n<p>Pour obtenir des cheveux en pleine sant\u00e9, il est recommand\u00e9 d\u2019int\u00e9grer les deux soins dans votre routine capillaire de mani\u00e8re bien adapt\u00e9e :<\/p>\n\n\n\n<ul class=\"wp-block-list\">\n<li><strong>Conditionneur<\/strong> : \u00e0 appliquer apr\u00e8s chaque shampoing pour <a href=\"https:\/\/www.alexcruzel.com\/blog\/leave-in-conditionner-et-gelee-pour-definir-les-boucles\/\">d\u00e9m\u00ealer et hydrater l\u00e9g\u00e8rement la fibre capillaire<\/a>. Il apporte douceur et souplesse tout en simplifiant le coiffage au quotidien.<\/li>\n\n\n\n<li><strong>Masque<\/strong> : \u00e0 appliquer une \u00e0 deux fois par semaine pour un soin plus intense. Il permet une r\u00e9paration durable en profondeur, nourrissant et renfor\u00e7ant les cheveux ab\u00eem\u00e9s ou fragilis\u00e9s.<\/li>\n\n\n\n<li><strong>Adapter les produits en fonction des besoins<\/strong> : <a href=\"https:\/\/www.alexcruzel.com\/blog\/soigner-les-cheveux-fins\/\">chaque type de cheveux<\/a> (fins, boucl\u00e9s, color\u00e9s, expos\u00e9s aux agressions ext\u00e9rieures) n\u00e9cessite des soins sp\u00e9cifiques. Choisir des conditionneurs et des masques adapt\u00e9s permettra de cibler les besoins particuliers de chaque chevelure.<\/li>\n\n\n\n<li><strong>Compl\u00e9ter avec une bonne alimentation et une hydratation suffisante<\/strong> : les soins capillaires seront d\u2019autant plus efficaces si vous veillez \u00e0 <a href=\"https:\/\/www.alexcruzel.com\/blog\/les-produits-de-la-cuisine-parfaits-pour-nos-cheveux\/\">apporter \u00e0 vos cheveux les nutriments n\u00e9cessaires<\/a> \u00e0 leur sant\u00e9, en consommant des aliments riches en vitamines et en buvant suffisamment d\u2019eau.<\/li>\n<\/ul>\n\n\n\n<p>En combinant ces deux soins, vous optimisez la sant\u00e9 et l&rsquo;apparence de vos cheveux sur le long terme.<\/p>\n\n\n\n<h2 class=\"wp-block-heading\"><strong>Conclusion<\/strong><\/h2>\n\n\n\n<p>Comprendre la diff\u00e9rence entre un masque et un conditionneur est essentiel pour bien choisir ses soins capillaires. Si vous souhaitez un entretien quotidien rapide, optez pour un conditionneur. Si vos cheveux sont ab\u00eem\u00e9s ou ont besoin de soins cibl\u00e9s, misez sur un masque nourrissant et r\u00e9parateur.<\/p>\n\n\n\n<p>En int\u00e9grant ces deux soins \u00e0 votre routine, vous garantissez \u00e0 vos cheveux la nutrition et la protection dont ils ont besoin pour rester \u00e9clatants de sant\u00e9 et pleins de vitalit\u00e9. Adoptez la bonne routine et offrez \u00e0 vos cheveux le soin qu\u2019ils m\u00e9ritent !<\/p>\n","protected":false},"excerpt":{"rendered":"<p>Lorsqu&rsquo;il s&rsquo;agit de prendre soin de ses cheveux, il est essentiel de choisir les bons produits. Deux incontournables de la routine capillaire sont souvent confondues : le conditionneur (ou apr\u00e8s-shampoing) et le masque capillaire. Pourtant, ils ont des compositions, des usages et des effets bien distincts. Comprendre ces diff\u00e9rences permet d&rsquo;optimiser sa routine capillaire et &hellip; <\/p>\n","protected":false},"author":5,"featured_media":1162,"comment_status":"open","ping_status":"open","sticky":false,"template":"","format":"standard","meta":{"footnotes":""},"categories":[17],"tags":[],"class_list":["post-1134","post","type-post","status-publish","format-standard","has-post-thumbnail","hentry","category-cheveux-boucles"],"_links":{"self":[{"href":"https:\/\/www.alexcruzel.com\/blog\/wp-json\/wp\/v2\/posts\/1134","targetHints":{"allow":["GET"]}}],"collection":[{"href":"https:\/\/www.alexcruzel.com\/blog\/wp-json\/wp\/v2\/posts"}],"about":[{"href":"https:\/\/www.alexcruzel.com\/blog\/wp-json\/wp\/v2\/types\/post"}],"author":[{"embeddable":true,"href":"https:\/\/www.alexcruzel.com\/blog\/wp-json\/wp\/v2\/users\/5"}],"replies":[{"embeddable":true,"href":"https:\/\/www.alexcruzel.com\/blog\/wp-json\/wp\/v2\/comments?post=1134"}],"version-history":[{"count":3,"href":"https:\/\/www.alexcruzel.com\/blog\/wp-json\/wp\/v2\/posts\/1134\/revisions"}],"predecessor-version":[{"id":1167,"href":"https:\/\/www.alexcruzel.com\/blog\/wp-json\/wp\/v2\/posts\/1134\/revisions\/1167"}],"wp:featuredmedia":[{"embeddable":true,"href":"https:\/\/www.alexcruzel.com\/blog\/wp-json\/wp\/v2\/media\/1162"}],"wp:attachment":[{"href":"https:\/\/www.alexcruzel.com\/blog\/wp-json\/wp\/v2\/media?parent=1134"}],"wp:term":[{"taxonomy":"category","embeddable":true,"href":"https:\/\/www.alexcruzel.com\/blog\/wp-json\/wp\/v2\/categories?post=1134"},{"taxonomy":"post_tag","embeddable":true,"href":"https:\/\/www.alexcruzel.com\/blog\/wp-json\/wp\/v2\/tags?post=1134"}],"curies":[{"name":"wp","href":"https:\/\/api.w.org\/{rel}","templated":true}]}}