{"id":309,"date":"2021-06-06T16:00:25","date_gmt":"2021-06-06T14:00:25","guid":{"rendered":"https:\/\/alexcruzel.com\/blog\/?p=309"},"modified":"2024-12-12T06:22:02","modified_gmt":"2024-12-12T05:22:02","slug":"boucleme-la-marque","status":"publish","type":"post","link":"https:\/\/www.alexcruzel.com\/blog\/boucleme-la-marque\/","title":{"rendered":"Boucl\u00e8me, la marque"},"content":{"rendered":"<div class=\"wp-block-image\">\n<figure class=\"aligncenter size-full is-resized\"><img decoding=\"async\" src=\"https:\/\/www.alexcruzel.com\/blog\/wp-content\/uploads\/2023\/02\/boucleme-1-edited.jpg\" alt=\"\" class=\"wp-image-593\" width=\"250\" srcset=\"https:\/\/www.alexcruzel.com\/blog\/wp-content\/uploads\/2023\/02\/boucleme-1-edited.jpg 1000w, https:\/\/www.alexcruzel.com\/blog\/wp-content\/uploads\/2023\/02\/boucleme-1-edited-300x188.jpg 300w, https:\/\/www.alexcruzel.com\/blog\/wp-content\/uploads\/2023\/02\/boucleme-1-edited-768x480.jpg 768w, https:\/\/www.alexcruzel.com\/blog\/wp-content\/uploads\/2023\/02\/boucleme-1-edited-900x563.jpg 900w, https:\/\/www.alexcruzel.com\/blog\/wp-content\/uploads\/2023\/02\/boucleme-1-edited-400x250.jpg 400w\" sizes=\"(max-width: 1000px) 100vw, 1000px\" \/><\/figure>\n<\/div>\n\n\n<p>Fond\u00e9e en 2015, par l&rsquo;experte en boucle et curly girl elle-m\u00eame, Mich\u00e8le Scott-Lynch, Boucl\u00e8me c&rsquo;est une <a href=\"https:\/\/alexcruzel.com\/shop\/brand\/2-boucleme\">gamme de produits 100% approuv\u00e9e par les curly girls<\/a> et \u00e9labor\u00e9e sp\u00e9cifiquement pour les cheveux boucl\u00e9s. Cr\u00e9\u00e9e pour donner des boucles saines et sans frisottis, la marque utilise des ingr\u00e9dients naturels, sans sulfate, silicone ou parab\u00e8ne. <\/p>\n\n\n\n<p><em>\u00ab\u00a0Lorsque mes deux filles sont venues au monde avec des cheveux boucl\u00e9s, il \u00e9tait important pour moi de les aider \u00e0 aimer leurs boucles. J\u2019ai eu l\u2019envie de devenir une r\u00e9f\u00e9rence dans le domaine des cheveux boucl\u00e9s pour qu&rsquo;elles voient la beaut\u00e9 d&rsquo;avoir une t\u00eate pleine de boucles. J&rsquo;\u00e9tais d\u00e9termin\u00e9e \u00e0 ce qu&rsquo;elles ne se r\u00e9veillent pas chaque jour en se sentant mal, comme je l&rsquo;ai subi pendant si longtemps.\u00a0\u00bb<\/em> &#8211; Mich\u00e8le<\/p>\n\n\n\n<p>\u00c9cologiques, \u00e9thiques et respectueux des animaux, les produits Boucl\u00e8me ne contiennent donc aucune substance chimique nocive, m\u00eame le conservateur utilis\u00e9 est \u00e9co-certifi\u00e9.<\/p>\n\n\n\n<p>L\u2019utilisation de produits issus du <a href=\"https:\/\/www.alexcruzel.com\/blog\/cosmetique-bio\/\" target=\"_blank\" rel=\"noreferrer noopener\">commerce \u00e9quitable<\/a>, dans la mesure du possible, l&rsquo;exp\u00e9rimentation des produits sur de vraies boucles et non sur des animaux et l&rsquo;utilisation d&#8217;emballages recyclables sont autant d&rsquo;\u00e9l\u00e9ments qui garantissent une politique \u00e9co-\u00e9thique de la part d&rsquo;une marque et des produits qui donnent des r\u00e9sultats concrets. J&rsquo;adore l&#8217;emballage recyclable et j&rsquo;aime les couleurs imm\u00e9diatement reconnaissables utilis\u00e9es pour chaque produit. Cela signifie que vous pouvez laisser votre enfant se laver lui-m\u00eame les cheveux sous la douche, tout en sachant qu&rsquo;il utilise les bons produits en lui indiquant simplement la couleur des flacons \u00e0 utiliser. Saviez-vous \u00e9galement que pour chaque flacon de 300 ml achet\u00e9 sur le site de Boucl\u00e8me, ils plantent un arbre ?<\/p>\n\n\n\n<p>Ainsi, depuis 2015, ils ont plant\u00e9 plus de 10 700 arbres en partenariat avec Trees for the Future &#8211; j&rsquo;adore \u00e7a !<\/p>\n\n\n<div class=\"wp-block-image\">\n<figure class=\"aligncenter size-full is-resized\"><img loading=\"lazy\" decoding=\"async\" src=\"https:\/\/www.alexcruzel.com\/blog\/wp-content\/uploads\/2023\/02\/boucleme-3.jpg\" alt=\"\" class=\"wp-image-594\" width=\"500\" height=\"500\" srcset=\"https:\/\/www.alexcruzel.com\/blog\/wp-content\/uploads\/2023\/02\/boucleme-3.jpg 1000w, https:\/\/www.alexcruzel.com\/blog\/wp-content\/uploads\/2023\/02\/boucleme-3-300x300.jpg 300w, https:\/\/www.alexcruzel.com\/blog\/wp-content\/uploads\/2023\/02\/boucleme-3-150x150.jpg 150w, https:\/\/www.alexcruzel.com\/blog\/wp-content\/uploads\/2023\/02\/boucleme-3-768x768.jpg 768w, https:\/\/www.alexcruzel.com\/blog\/wp-content\/uploads\/2023\/02\/boucleme-3-900x900.jpg 900w, https:\/\/www.alexcruzel.com\/blog\/wp-content\/uploads\/2023\/02\/boucleme-3-400x400.jpg 400w\" sizes=\"auto, (max-width: 500px) 100vw, 500px\" \/><\/figure>\n<\/div>\n\n\n<h2 class=\"wp-block-heading\">Ingr\u00e9dients et parfum<\/h2>\n\n\n\n<p>Les cheveux boucl\u00e9s ont besoin d&rsquo;ingr\u00e9dients nourrissants et p\u00e9n\u00e9trants pour aider \u00e0 hydrater et \u00e0 renforcer la cuticule des cheveux. Enrichis d&rsquo;ingr\u00e9dients naturels \u00e0 base de plantes, les produits Boucl\u00e8me ont \u00e9t\u00e9 con\u00e7us pour vous donner de belles boucles, brillantes et sans frisottis, en tenant compte des trois principaux <a href=\"https:\/\/www.alexcruzel.com\/blog\/cheveux-boucles\/\" target=\"_blank\" rel=\"noreferrer noopener\">types de boucles<\/a> : l\u00e2ches, moyennes et serr\u00e9es. Je ne peux pas aller plus loin sans vous parler de l&rsquo;odeur. Toute la gamme de produits Boucl\u00e8me a une odeur incroyable ! C&rsquo;est tellement frais, l\u00e9ger et vivifiant ! Si votre enfant a un trouble du traitement sensoriel et qu\u2019il a vraiment du mal avec les odeurs, il ne sera pas importun\u00e9 par l\u2019odeur du produit ! Je pense que c&rsquo;est d\u00fb aux agrumes, \u00e0 la menthe verte et \u00e0 la feuille de magnolia.<\/p>\n\n\n\n<p><em>\u00ab\u00a0Je veux que les femmes aux cheveux boucl\u00e9s gardent leurs boucles naturelles. On a dit aux femmes, pendant trop longtemps, de lisser et d&rsquo;aplatir leurs boucles. Mon ambition ultime est que tout le monde c\u00e9l\u00e8bre ses boucles. Il s&rsquo;agit d&rsquo;apprendre \u00e0 aimer son type de cheveux naturel et magnifique. Notre c\u00e9l\u00e9bration des boucles peut \u00eatre vue sur le site web de Boucl\u00e8me et nous voulons que les femmes partagent leur parcours unique. #curlyandproud.\u00a0\u00bb<\/em> \u2013 Mich\u00e8le.<\/p>\n\n\n\n<h2 class=\"wp-block-heading\">Prix et disponibilit\u00e9<\/h2>\n\n\n\n<p>Boucl\u00e8me est une ligne de produits de qualit\u00e9 sup\u00e9rieure pour les personnes aux cheveux boucl\u00e9es, fabriqu\u00e9 au Royame-Uni\u202f! Ces produits sont vraiment topissimes, n&rsquo;h\u00e9sitez pas \u00e0 les sentir et \u00e0 les tester et ils sont disponibles en ligne sur mon site&nbsp;!<\/p>\n\n\n\n<h2 class=\"wp-block-heading\">Boucl\u00e8me contre Deva Curl<\/h2>\n\n\n\n<p>J&rsquo;ai entendu pas mal de personnes dire que Boucl\u00e8me est la marque la plus comparable \u00e0 DevaCurl. En ce qui concerne les produits et les formulations, je ne suis pas d&rsquo;accord. J&rsquo;ai essay\u00e9 les deux et je les trouve compl\u00e8tement diff\u00e9rents. Pour commencer, les produits DevaCurl contiennent g\u00e9n\u00e9ralement beaucoup de prot\u00e9ines. Alors que Boucl\u00e8me n&rsquo;en contient pas, \u00e0 l&rsquo;exception de son traitement d&rsquo;hydratation intensive. Boucl\u00e8me n&rsquo;a pas autant de produits que DevaCurl, ce qui n&rsquo;est pas n\u00e9cessairement une mauvaise chose. Mais ils travaillent sur de nouveaux produits. <\/p>\n\n\n\n<h2 class=\"wp-block-heading\">Nettoyant hydratant pour cheveux \u2013 Le bleu<\/h2>\n\n\n\n<p>Ce produit, c&rsquo;est un nettoyant sans <a href=\"https:\/\/www.alexcruzel.com\/blog\/sulfate-paraben-et-silicone-quels-dangers-pour-nos-cheveux\/\" target=\"_blank\" rel=\"noreferrer noopener\">sulfate<\/a>, \u00e0 faible teneur en cacao, qui utilise un m\u00e9lange sp\u00e9cial d&rsquo;ingr\u00e9dients naturels pour offrir un <a href=\"https:\/\/alexcruzel.com\/shop\/21-hydrating-hair-cleanser-de-chez-boucleme.html\">nettoyage tr\u00e8s doux et peu moussant aux cheveux fins<\/a>, aux ondulations et aux cuirs chevelus gras. De tous les produits Boucl\u00e8me, c&rsquo;est celui que j\u2019aime le moins. Personnellement, je le trouve \u00e0 mi-chemin entre un shampoing clarifiant et un low poo. J&rsquo;ai test\u00e9 ce <a href=\"https:\/\/www.alexcruzel.com\/blog\/les-differentes-formes-de-shampoing\/\" target=\"_blank\" rel=\"noreferrer noopener\">nettoyant<\/a> sur ma meilleure amie qui a le bon type de cheveux pour ce produit, mais je ne l&rsquo;aime pas sur ses cheveux. Lorsqu\u2019on le fait p\u00e9n\u00e9trer, j&rsquo;ai l&rsquo;impression qu&rsquo;il d\u00e9cape presque les cheveux et ils deviennent gras \u00e0 la racine. Cette sensation dispara\u00eet d\u00e8s que l\u2019ont fini de se laver les cheveux. Je ne sais pas comment ni pourquoi, mais cette sensation de racines grasses ne dure pas &#8211; heureusement !<\/p>\n\n\n\n<p>Bien que cet Hydrating Hair Cleanser soit destin\u00e9 aux cheveux fins et aux ondulations, j&rsquo;ai l&rsquo;impression qu&rsquo;il conviendrait mieux aux cheveux secs et tr\u00e8s poreux qu&rsquo;aux cheveux peu poreux. Je pr\u00e9f\u00e8re de loin le nettoyant pour boucles \u2013 The Green One.<\/p>\n\n\n\n<figure class=\"wp-block-gallery has-nested-images columns-default is-cropped wp-block-gallery-1 is-layout-flex wp-block-gallery-is-layout-flex\">\n<figure class=\"wp-block-image size-full is-style-rounded\"><a href=\"https:\/\/alexcruzel.com\/shop\/23-curls-conditioner-de-chez-boucleme.html\"><img loading=\"lazy\" decoding=\"async\" width=\"800\" height=\"800\" data-id=\"459\" src=\"https:\/\/www.alexcruzel.com\/blog\/wp-content\/uploads\/2021\/12\/curls-conditioner-de-chez-boucleme.jpeg\" alt=\"\" class=\"wp-image-459\" srcset=\"https:\/\/www.alexcruzel.com\/blog\/wp-content\/uploads\/2021\/12\/curls-conditioner-de-chez-boucleme.jpeg 800w, https:\/\/www.alexcruzel.com\/blog\/wp-content\/uploads\/2021\/12\/curls-conditioner-de-chez-boucleme-300x300.jpeg 300w, https:\/\/www.alexcruzel.com\/blog\/wp-content\/uploads\/2021\/12\/curls-conditioner-de-chez-boucleme-150x150.jpeg 150w, https:\/\/www.alexcruzel.com\/blog\/wp-content\/uploads\/2021\/12\/curls-conditioner-de-chez-boucleme-768x768.jpeg 768w, https:\/\/www.alexcruzel.com\/blog\/wp-content\/uploads\/2021\/12\/curls-conditioner-de-chez-boucleme-400x400.jpeg 400w\" sizes=\"auto, (max-width: 800px) 100vw, 800px\" \/><\/a><figcaption>29\u20ac ttc Curls Conditionneur Boucl\u00e8me<\/figcaption><\/figure>\n\n\n\n<figure class=\"wp-block-image size-full is-style-rounded\"><a href=\"https:\/\/alexcruzel.com\/shop\/34-serum-sublime-a-la-keratine-de-chez-mon-shampoing.html\"><img loading=\"lazy\" decoding=\"async\" width=\"800\" height=\"800\" data-id=\"458\" src=\"https:\/\/www.alexcruzel.com\/blog\/wp-content\/uploads\/2021\/12\/serum-sublime-a-la-keratine-de-chez-mon-shampoing.jpeg\" alt=\"\" class=\"wp-image-458\" srcset=\"https:\/\/www.alexcruzel.com\/blog\/wp-content\/uploads\/2021\/12\/serum-sublime-a-la-keratine-de-chez-mon-shampoing.jpeg 800w, https:\/\/www.alexcruzel.com\/blog\/wp-content\/uploads\/2021\/12\/serum-sublime-a-la-keratine-de-chez-mon-shampoing-300x300.jpeg 300w, https:\/\/www.alexcruzel.com\/blog\/wp-content\/uploads\/2021\/12\/serum-sublime-a-la-keratine-de-chez-mon-shampoing-150x150.jpeg 150w, https:\/\/www.alexcruzel.com\/blog\/wp-content\/uploads\/2021\/12\/serum-sublime-a-la-keratine-de-chez-mon-shampoing-768x768.jpeg 768w, https:\/\/www.alexcruzel.com\/blog\/wp-content\/uploads\/2021\/12\/serum-sublime-a-la-keratine-de-chez-mon-shampoing-400x400.jpeg 400w\" sizes=\"auto, (max-width: 800px) 100vw, 800px\" \/><\/a><figcaption>38\u20ac ttc S\u00e9rum sublime \u00e0 la K\u00e9ratine Mon shampoing<br><\/figcaption><\/figure>\n\n\n\n<figure class=\"wp-block-image size-full is-style-rounded\"><a href=\"https:\/\/alexcruzel.com\/shop\/40-booster-cheveux-frises-et-secs-de-chez-mon-shampoing.html\"><img loading=\"lazy\" decoding=\"async\" width=\"800\" height=\"800\" data-id=\"457\" src=\"https:\/\/www.alexcruzel.com\/blog\/wp-content\/uploads\/2021\/12\/booster-cheveux-frises-et-secs-de-chez-mon-shampoing.jpeg\" alt=\"\" class=\"wp-image-457\" srcset=\"https:\/\/www.alexcruzel.com\/blog\/wp-content\/uploads\/2021\/12\/booster-cheveux-frises-et-secs-de-chez-mon-shampoing.jpeg 800w, https:\/\/www.alexcruzel.com\/blog\/wp-content\/uploads\/2021\/12\/booster-cheveux-frises-et-secs-de-chez-mon-shampoing-300x300.jpeg 300w, https:\/\/www.alexcruzel.com\/blog\/wp-content\/uploads\/2021\/12\/booster-cheveux-frises-et-secs-de-chez-mon-shampoing-150x150.jpeg 150w, https:\/\/www.alexcruzel.com\/blog\/wp-content\/uploads\/2021\/12\/booster-cheveux-frises-et-secs-de-chez-mon-shampoing-768x768.jpeg 768w, https:\/\/www.alexcruzel.com\/blog\/wp-content\/uploads\/2021\/12\/booster-cheveux-frises-et-secs-de-chez-mon-shampoing-400x400.jpeg 400w\" sizes=\"auto, (max-width: 800px) 100vw, 800px\" \/><\/a><figcaption>12\u20ac ttc Booster cheveux fris\u00e9s et secs Mon shampoing<\/figcaption><\/figure>\n<\/figure>\n\n\n\n<h3 class=\"wp-block-heading\">Ingr\u00e9dients principaux :<\/h3>\n\n\n\n<ul class=\"wp-block-list\"><li>Sel de mer<\/li><li>Huile de Mongongo<\/li><li>Huile d&rsquo;Argousier<\/li><li>Huile de Cam\u00e9lia<\/li><li>Huile de noix de coco<\/li><li>Huile de Ricin<\/li><\/ul>\n\n\n\n<h2 class=\"wp-block-heading\">Nettoyant pour boucles \u2013 Le vert<\/h2>\n\n\n<div class=\"wp-block-image\">\n<figure class=\"aligncenter size-full is-resized\"><img loading=\"lazy\" decoding=\"async\" src=\"https:\/\/www.alexcruzel.com\/blog\/wp-content\/uploads\/2023\/02\/boucleme-vert.jpg\" alt=\"\" class=\"wp-image-595\" width=\"500\" height=\"500\" srcset=\"https:\/\/www.alexcruzel.com\/blog\/wp-content\/uploads\/2023\/02\/boucleme-vert.jpg 1000w, https:\/\/www.alexcruzel.com\/blog\/wp-content\/uploads\/2023\/02\/boucleme-vert-300x300.jpg 300w, https:\/\/www.alexcruzel.com\/blog\/wp-content\/uploads\/2023\/02\/boucleme-vert-150x150.jpg 150w, https:\/\/www.alexcruzel.com\/blog\/wp-content\/uploads\/2023\/02\/boucleme-vert-768x768.jpg 768w, https:\/\/www.alexcruzel.com\/blog\/wp-content\/uploads\/2023\/02\/boucleme-vert-900x900.jpg 900w, https:\/\/www.alexcruzel.com\/blog\/wp-content\/uploads\/2023\/02\/boucleme-vert-400x400.jpg 400w\" sizes=\"auto, (max-width: 500px) 100vw, 500px\" \/><\/figure>\n<\/div>\n\n\n<p>C&rsquo;est un <a href=\"https:\/\/alexcruzel.com\/shop\/109-shampoing-exfoliant-cuir-chevelu.html\">nettoyant sans rin\u00e7age<\/a> ou un colavage. Pour moi, il est beaucoup plus \u00ab\u00a0hydratant\u00a0\u00bb que le bleu, mais dans le bon sens du terme. Il nettoie en profondeur le cuir chevelu et les cheveux sans perturber l&rsquo;\u00e9quilibre naturel de l&rsquo;hydratation ni laisser les huiles, comme le fait le produit bleu.  De plus, il ne contient pas de d\u00e9tergents moussants agressifs et laisse les cheveux propres, frais, hydrat\u00e9s et pr\u00eats \u00e0 recevoir un apr\u00e8s-shampooing.  Enfin, il a un bon pouvoir glissant et permet de d\u00e9m\u00ealer les cheveux, ce qui est toujours le signe d&rsquo;un tr\u00e8s bon shampooing (approuv\u00e9 par les filles aux cheveux fris\u00e9es) !<\/p>\n\n\n\n<h3 class=\"wp-block-heading\">Principaux ingr\u00e9dients :<\/h3>\n\n\n\n<ul class=\"wp-block-list\"><li>Huile d&rsquo;Argan<\/li><li>Huile de noix de coco vierge<\/li><li>Al\u0153 Vera<\/li><li>Graine de lin<\/li><li>Extraits de grenade<\/li><li>Miel <\/li><\/ul>\n\n\n\n<h2 class=\"wp-block-heading\">Apr\u00e8s-shampooing pour boucles \u2013 L\u2019orange<\/h2>\n\n\n<div class=\"wp-block-image\">\n<figure class=\"aligncenter size-full is-resized\"><img loading=\"lazy\" decoding=\"async\" src=\"https:\/\/www.alexcruzel.com\/blog\/wp-content\/uploads\/2023\/02\/boucleme-orange.jpg\" alt=\"\" class=\"wp-image-596\" width=\"500\" height=\"500\" srcset=\"https:\/\/www.alexcruzel.com\/blog\/wp-content\/uploads\/2023\/02\/boucleme-orange.jpg 1000w, https:\/\/www.alexcruzel.com\/blog\/wp-content\/uploads\/2023\/02\/boucleme-orange-300x300.jpg 300w, https:\/\/www.alexcruzel.com\/blog\/wp-content\/uploads\/2023\/02\/boucleme-orange-150x150.jpg 150w, https:\/\/www.alexcruzel.com\/blog\/wp-content\/uploads\/2023\/02\/boucleme-orange-768x768.jpg 768w, https:\/\/www.alexcruzel.com\/blog\/wp-content\/uploads\/2023\/02\/boucleme-orange-900x900.jpg 900w, https:\/\/www.alexcruzel.com\/blog\/wp-content\/uploads\/2023\/02\/boucleme-orange-400x400.jpg 400w\" sizes=\"auto, (max-width: 500px) 100vw, 500px\" \/><\/figure>\n<\/div>\n\n\n<p>L&rsquo;<a href=\"https:\/\/alexcruzel.com\/shop\/23-curls-conditioner-de-chez-boucleme.html\">apr\u00e8s-shampooing<\/a> Curl est riche en om\u00e9gas 3, 6 et 9, en vitamine E et en antioxydants qui renforcent les cheveux, les prot\u00e8gent des agressions ext\u00e9rieures et leur donnent de la brillance. J&rsquo;aime la texture et la consistance de cet apr\u00e8s-shampooing, il n&rsquo;est pas trop \u00e9pais ou lourd. Parfait pour des cheveux \u00e0 faible porosit\u00e9. Cela dit, je trouve que je dois en utiliser davantage pour obtenir le niveau d&rsquo;hydratation d\u00e9sir\u00e9 et pour d\u00e9m\u00ealer les cheveux. Je ne le rince pas compl\u00e8tement. Je connais beaucoup de personnes qui n\u2019utilisent pas ce produit pour les m\u00eames raisons et pr\u00e9f\u00e8rent utiliser le traitement d&rsquo;hydratation intensive comme apr\u00e8s-shampooing. J&rsquo;aime bien m\u00e9langer les deux, car je trouve le Traitement d&rsquo;hydratation intensive un peu trop lourd pour une utilisation r\u00e9guli\u00e8re.<\/p>\n\n\n\n<h3 class=\"wp-block-heading\">Principaux ingr\u00e9dients :<\/h3>\n\n\n\n<ul class=\"wp-block-list\"><li>Huile de noix de coco vierge<\/li><li>Huile d&rsquo;Argan<\/li><li>Jus de feuille d&rsquo;Al\u0153 Vera<\/li><\/ul>\n\n\n\n<h2 class=\"wp-block-heading\">Traitement Hydratation Intensive &#8211; Le violet<\/h2>\n\n\n<div class=\"wp-block-image\">\n<figure class=\"aligncenter size-full is-resized\"><img loading=\"lazy\" decoding=\"async\" src=\"https:\/\/www.alexcruzel.com\/blog\/wp-content\/uploads\/2023\/02\/boucleme-mauve.jpg\" alt=\"\" class=\"wp-image-597\" width=\"500\" height=\"500\" srcset=\"https:\/\/www.alexcruzel.com\/blog\/wp-content\/uploads\/2023\/02\/boucleme-mauve.jpg 1000w, https:\/\/www.alexcruzel.com\/blog\/wp-content\/uploads\/2023\/02\/boucleme-mauve-300x300.jpg 300w, https:\/\/www.alexcruzel.com\/blog\/wp-content\/uploads\/2023\/02\/boucleme-mauve-150x150.jpg 150w, https:\/\/www.alexcruzel.com\/blog\/wp-content\/uploads\/2023\/02\/boucleme-mauve-768x768.jpg 768w, https:\/\/www.alexcruzel.com\/blog\/wp-content\/uploads\/2023\/02\/boucleme-mauve-900x900.jpg 900w, https:\/\/www.alexcruzel.com\/blog\/wp-content\/uploads\/2023\/02\/boucleme-mauve-400x400.jpg 400w\" sizes=\"auto, (max-width: 500px) 100vw, 500px\" \/><\/figure>\n<\/div>\n\n\n<p>Un nouvel ajout \u00e0 la gamme Boucl\u00e8me. Cette formule riche en nutriments et profond\u00e9ment nourrissante est parfaite pour les cheveux secs et dess\u00e9ch\u00e9s qui ont besoin d&rsquo;hydratation, de force et de brillance. Elle pr\u00e9tend am\u00e9liorer la d\u00e9finition des boucles, stimuler l&rsquo;\u00e9lasticit\u00e9, r\u00e9g\u00e9n\u00e9rer les cheveux, r\u00e9duire les cassures, d\u00e9m\u00ealer, hydrater et prot\u00e9ger la cuticule. <\/p>\n\n\n\n<p>Les cheveux boucl\u00e9s qui trouvent que l&rsquo;apr\u00e8s-shampooing ne suffit pas peuvent utiliser ce produit. Il a une consistance beaucoup plus \u00e9paisse et lourde. Ainsi, si vous avez des <a href=\"https:\/\/alexcruzel.com\/shop\/22-intensive-moisture-treatement-de-chez-boucleme.html\">cheveux secs et ab\u00eem\u00e9s qui ont besoin d&rsquo;\u00eatre hydrat\u00e9s<\/a> et que vos cheveux r\u00e9agissent bien aux huiles, vous allez adorer ce produit. Vous n&rsquo;avez besoin que d&rsquo;une petite quantit\u00e9 et vous obtiendrez de meilleurs r\u00e9sultats en le faisant p\u00e9n\u00e9trer dans vos cheveux et en utilisant un bonnet thermique. C&rsquo;est le seul produit de Boucl\u00e8me qui contient des prot\u00e9ines avec la k\u00e9ratine v\u00e9g\u00e9tale, le son de bl\u00e9. J&rsquo;ai l&rsquo;impression que cela fonctionnera tr\u00e8s bien sur les textures de cheveux plus serr\u00e9es et cr\u00e9pues.<\/p>\n\n\n\n<h3 class=\"wp-block-heading\">Principaux ingr\u00e9dients<\/h3>\n\n\n\n<ul class=\"wp-block-list\"><li>Extrait de son de bl\u00e9<\/li><li>Huile de Cam\u00e9lia<\/li><li>Huile de Marula<\/li><li>Beurre de Mafura<\/li><li>Huile de graines de Figue de barbarie<\/li><li>Huile d&rsquo;Argousier<\/li><\/ul>\n\n\n\n<h2 class=\"wp-block-heading\">Cr\u00e8me Boucl\u00e8me &#8211; Le Rose<\/h2>\n\n\n<div class=\"wp-block-image\">\n<figure class=\"aligncenter size-full is-resized\"><img loading=\"lazy\" decoding=\"async\" src=\"https:\/\/www.alexcruzel.com\/blog\/wp-content\/uploads\/2023\/02\/boucleme-rose.jpg\" alt=\"\" class=\"wp-image-598\" width=\"500\" height=\"500\" srcset=\"https:\/\/www.alexcruzel.com\/blog\/wp-content\/uploads\/2023\/02\/boucleme-rose.jpg 1000w, https:\/\/www.alexcruzel.com\/blog\/wp-content\/uploads\/2023\/02\/boucleme-rose-300x300.jpg 300w, https:\/\/www.alexcruzel.com\/blog\/wp-content\/uploads\/2023\/02\/boucleme-rose-150x150.jpg 150w, https:\/\/www.alexcruzel.com\/blog\/wp-content\/uploads\/2023\/02\/boucleme-rose-768x768.jpg 768w, https:\/\/www.alexcruzel.com\/blog\/wp-content\/uploads\/2023\/02\/boucleme-rose-900x900.jpg 900w, https:\/\/www.alexcruzel.com\/blog\/wp-content\/uploads\/2023\/02\/boucleme-rose-400x400.jpg 400w\" sizes=\"auto, (max-width: 500px) 100vw, 500px\" \/><\/figure>\n<\/div>\n\n\n<p>Un autre nouvel ajout \u00e0 la gamme Boucl\u00e8me. Contrairement \u00e0 la texture l\u00e9g\u00e8re, presque sans poids, de leur Curl Defining Gel, je trouve cette cr\u00e8me \u00e0 boucles plus lourde, ce qui, je pense, est d\u00fb au beurre de karit\u00e9. Selon moi, vous n\u2019avez pas besoin d&rsquo;un apr\u00e8s-shampooing sans rin\u00e7age et de cette cr\u00e8me pour boucles. Je n&rsquo;utilise que deux pompes, que j&rsquo;applique sur des cheveux mouill\u00e9s pour obtenir des <a href=\"https:\/\/alexcruzel.com\/shop\/24-curl-cream-de-chez-boucleme.html\">boucles lisses, sans frisottis, rebondissantes et magnifiquement d\u00e9finies<\/a>. <\/p>\n\n\n\n<p>Les jours o\u00f9 vous n&rsquo;arrivez pas \u00e0 obtenir des boucles lisses et sans frisottis avec un simple apr\u00e8s-shampooing, vous pouvez toujours compter sur cette cr\u00e8me. Il est indiqu\u00e9 qu&rsquo;elle peut \u00eatre appliqu\u00e9e sur cheveux secs pour une hydratation suppl\u00e9mentaire des boucles du deuxi\u00e8me ou troisi\u00e8me jour, mais elle serait trop lourde pour certains types de cheveux. Les cheveux de vos enfants aimeront aussi beaucoup ce produit. Si vous en mettez trop sur des cheveux \u00e0 faible porosit\u00e9, ils seront alourdis et gras.<\/p>\n\n\n\n<h3 class=\"wp-block-heading\">Principaux ingr\u00e9dients<\/h3>\n\n\n\n<ul class=\"wp-block-list\"><li>Huile de noix de coco vierge<\/li><li>Extrait de fruit de noix de coco<\/li><li>Huile de Kukui<\/li><li>Beurre de Karit\u00e9<\/li><li>Huile de Ricin<\/li><\/ul>\n\n\n\n<h2 class=\"wp-block-heading\">Gel d\u00e9finissant les boucles &#8211; Le jaune<\/h2>\n\n\n<div class=\"wp-block-image\">\n<figure class=\"aligncenter size-full is-resized\"><img loading=\"lazy\" decoding=\"async\" src=\"https:\/\/www.alexcruzel.com\/blog\/wp-content\/uploads\/2023\/02\/boucleme-jaune.jpg\" alt=\"\" class=\"wp-image-599\" width=\"500\" height=\"500\" srcset=\"https:\/\/www.alexcruzel.com\/blog\/wp-content\/uploads\/2023\/02\/boucleme-jaune.jpg 1000w, https:\/\/www.alexcruzel.com\/blog\/wp-content\/uploads\/2023\/02\/boucleme-jaune-300x300.jpg 300w, https:\/\/www.alexcruzel.com\/blog\/wp-content\/uploads\/2023\/02\/boucleme-jaune-150x150.jpg 150w, https:\/\/www.alexcruzel.com\/blog\/wp-content\/uploads\/2023\/02\/boucleme-jaune-768x768.jpg 768w, https:\/\/www.alexcruzel.com\/blog\/wp-content\/uploads\/2023\/02\/boucleme-jaune-900x900.jpg 900w, https:\/\/www.alexcruzel.com\/blog\/wp-content\/uploads\/2023\/02\/boucleme-jaune-400x400.jpg 400w\" sizes=\"auto, (max-width: 500px) 100vw, 500px\" \/><\/figure>\n<\/div>\n\n\n<p>Ce produit est le premier \u00e0 obtenir le statut de Hall of Fame de Curly Cail\u00edn. Le Gel Curl Defining prim\u00e9, je n&rsquo;ai jamais rencontr\u00e9 un gel comme celui-ci. \u00c0 tel point que je me demande m\u00eame si on doit l&rsquo;appeler un gel, j&rsquo;ai l&rsquo;impression qu&rsquo;il m\u00e9rite un tout nouveau nom, il est presque ind\u00e9finissable. Ce <a href=\"https:\/\/alexcruzel.com\/shop\/25-curls-defining-gel-de-chez-boucleme.html\">gel hydratant lisse et d\u00e9finit les boucles sans s&rsquo;\u00e9cailler ni coller<\/a>. Quelle que soit la quantit\u00e9 de produit que je mets sur les cheveux, ils ne sont jamais alourdis par le produit. Il peut s&rsquo;utiliser les jours de lavage et les jours de rafra\u00eechissement entre les lavages et les cheveux ne semblent toujours pas alourdis ! C&rsquo;est un gel \u00e0 tenue souple, mais qui garde les boucles parfaitement d\u00e9finies et sans frisottis. <\/p>\n\n\n\n<h3 class=\"wp-block-heading\">Principaux ingr\u00e9dients <\/h3>\n\n\n\n<ul class=\"wp-block-list\"><li>Jus de feuille d&rsquo;Al\u0153 Vera<\/li><li>Huile d&rsquo;Argan<\/li><li>Huile de Lin<\/li><li>Huile de noix de coco<\/li><li>Huile de Ricin<\/li><\/ul>\n\n\n\n<p>Comme la plupart des marques, Boucl\u00e8me affirme que ses produits fonctionnent mieux lorsqu&rsquo;ils sont utilis\u00e9s ensemble.<\/p>\n\n\n\n<h2 class=\"wp-block-heading\">Serviette Curl <\/h2>\n\n\n\n<p>D&rsquo;ordinaire, je suis tr\u00e8s sceptique \u00e0 propos des serviettes. Je savais bien avant de d\u00e9couvrir la m\u00e9thode Curly Girl que les serviettes \u00e9ponge ordinaires provoquaient des ravages et beaucoup de frisottis. Je maitrise parfaitement la fa\u00e7on d&rsquo;extraire l&rsquo;exc\u00e8s d&rsquo;humidit\u00e9 et le plopping en utilisant un t-shirt en coton.  Les serviettes en microfibres, je n&rsquo;arrive pas \u00e0 m&rsquo;y faire &#8211; c&rsquo;est un autre sujet. Mais laissez-moi vous dire que cette serviette Boucl\u00e8me Curl Towel, c&rsquo;est l&rsquo;une des meilleures choses \u00e0 avoir, si vous adoptez la m\u00e9thode Curly Girl.<\/p>\n\n\n\n<p>La serviette \u00e0 boucles en jersey super doux de Boucl\u00e8me est compos\u00e9e de 46% de coton biologique, 46% de bambou et 8% d&rsquo;\u00e9lasth\u00e8ne, et absorbe uniquement l&rsquo;exc\u00e8s d&rsquo;eau. Vos boucles conservent ainsi une hydratation maximale. Laver \u00e0 30 degr\u00e9s. Ne pas mettre au s\u00e8che-linge.<\/p>\n","protected":false},"excerpt":{"rendered":"<p>Fond\u00e9e en 2015, par l&rsquo;experte en boucle et curly girl elle-m\u00eame, Mich\u00e8le Scott-Lynch, Boucl\u00e8me c&rsquo;est une gamme de produits 100% approuv\u00e9e par les curly girls et \u00e9labor\u00e9e sp\u00e9cifiquement pour les cheveux boucl\u00e9s. Cr\u00e9\u00e9e pour donner des boucles saines et sans frisottis, la marque utilise des ingr\u00e9dients naturels, sans sulfate, silicone ou parab\u00e8ne. \u00ab\u00a0Lorsque mes deux &hellip; <\/p>\n","protected":false},"author":5,"featured_media":313,"comment_status":"open","ping_status":"open","sticky":false,"template":"","format":"standard","meta":{"footnotes":""},"categories":[17],"tags":[],"class_list":["post-309","post","type-post","status-publish","format-standard","has-post-thumbnail","hentry","category-cheveux-boucles"],"_links":{"self":[{"href":"https:\/\/www.alexcruzel.com\/blog\/wp-json\/wp\/v2\/posts\/309","targetHints":{"allow":["GET"]}}],"collection":[{"href":"https:\/\/www.alexcruzel.com\/blog\/wp-json\/wp\/v2\/posts"}],"about":[{"href":"https:\/\/www.alexcruzel.com\/blog\/wp-json\/wp\/v2\/types\/post"}],"author":[{"embeddable":true,"href":"https:\/\/www.alexcruzel.com\/blog\/wp-json\/wp\/v2\/users\/5"}],"replies":[{"embeddable":true,"href":"https:\/\/www.alexcruzel.com\/blog\/wp-json\/wp\/v2\/comments?post=309"}],"version-history":[{"count":6,"href":"https:\/\/www.alexcruzel.com\/blog\/wp-json\/wp\/v2\/posts\/309\/revisions"}],"predecessor-version":[{"id":782,"href":"https:\/\/www.alexcruzel.com\/blog\/wp-json\/wp\/v2\/posts\/309\/revisions\/782"}],"wp:featuredmedia":[{"embeddable":true,"href":"https:\/\/www.alexcruzel.com\/blog\/wp-json\/wp\/v2\/media\/313"}],"wp:attachment":[{"href":"https:\/\/www.alexcruzel.com\/blog\/wp-json\/wp\/v2\/media?parent=309"}],"wp:term":[{"taxonomy":"category","embeddable":true,"href":"https:\/\/www.alexcruzel.com\/blog\/wp-json\/wp\/v2\/categories?post=309"},{"taxonomy":"post_tag","embeddable":true,"href":"https:\/\/www.alexcruzel.com\/blog\/wp-json\/wp\/v2\/tags?post=309"}],"curies":[{"name":"wp","href":"https:\/\/api.w.org\/{rel}","templated":true}]}}