{"id":326,"date":"2021-08-24T11:36:19","date_gmt":"2021-08-24T09:36:19","guid":{"rendered":"https:\/\/alexcruzel.com\/blog\/?p=326"},"modified":"2023-10-05T09:14:50","modified_gmt":"2023-10-05T07:14:50","slug":"proteger-les-cheveux-en-hiver-et-en-ete","status":"publish","type":"post","link":"https:\/\/www.alexcruzel.com\/blog\/proteger-les-cheveux-en-hiver-et-en-ete\/","title":{"rendered":"Prot\u00e9ger les cheveux en hiver et en \u00e9t\u00e9"},"content":{"rendered":"\n<p>Les cheveux sont le reflet de notre alimentation et de notre \u00e9tat \u00e9motionnel. Il convient donc de ne pas n\u00e9gliger les facteurs de stress (travail, famille\u2026), ainsi qu\u2019une alimentation d\u00e9s\u00e9quilibr\u00e9e. \u00c0 cela viennent \u00e9galement s\u2019ajouter les facteurs saisonniers. Les cheveux r\u00e9agissent diff\u00e9remment en hiver et en \u00e9t\u00e9 et demandent donc un traitement sp\u00e9cifique en fonction de la saison. Ceci est un ph\u00e9nom\u00e8ne tout \u00e0 fait normal. Le froid est un agresseur, mais pas le seul. Ainsi le vent, la pollution, la chaleur, le soleil de l\u2019\u00e9t\u00e9 en sont aussi.<\/p>\n\n\n<div class=\"wp-block-image\">\n<figure class=\"aligncenter size-full is-resized\"><img loading=\"lazy\" decoding=\"async\" src=\"https:\/\/www.alexcruzel.com\/blog\/wp-content\/uploads\/2023\/03\/hiver.jpg\" alt=\"\" class=\"wp-image-677\" width=\"500\" height=\"500\" srcset=\"https:\/\/www.alexcruzel.com\/blog\/wp-content\/uploads\/2023\/03\/hiver.jpg 1000w, https:\/\/www.alexcruzel.com\/blog\/wp-content\/uploads\/2023\/03\/hiver-300x300.jpg 300w, https:\/\/www.alexcruzel.com\/blog\/wp-content\/uploads\/2023\/03\/hiver-150x150.jpg 150w, https:\/\/www.alexcruzel.com\/blog\/wp-content\/uploads\/2023\/03\/hiver-768x768.jpg 768w, https:\/\/www.alexcruzel.com\/blog\/wp-content\/uploads\/2023\/03\/hiver-900x900.jpg 900w, https:\/\/www.alexcruzel.com\/blog\/wp-content\/uploads\/2023\/03\/hiver-400x400.jpg 400w\" sizes=\"auto, (max-width: 500px) 100vw, 500px\" \/><\/figure>\n<\/div>\n\n\n<h2 class=\"wp-block-heading\">L&rsquo;hiver<\/h2>\n\n\n\n<p>En hiver, on remarque que la repousse est moins importante et que les cheveux sont plus ternes et cassantes et plus difficiles \u00e0 coiffer. <a href=\"https:\/\/www.alexcruzel.com\/blog\/secher-naturellement-ses-cheveux\/\" target=\"_blank\" rel=\"noreferrer noopener\">Les cheveux secs<\/a> \u00e0 tr\u00e8s secs naturellement ou encore color\u00e9s ou d\u00e9color\u00e9s sont plus sensibles au froid. Les diff\u00e9rences de temp\u00e9ratures entre l\u2019int\u00e9rieur et l\u2019ext\u00e9rieur, et d\u2019une pi\u00e8ce \u00e0 une autre, sont des facteurs qui accentuent le ph\u00e9nom\u00e8ne. En effet, si le froid a tendance \u00e0 r\u00e9duire les vaisseaux sanguins du cuir chevelu, affectant ainsi l\u2019approvisionnement des glandes s\u00e9bac\u00e9es du cheveu. Ceci aura pour cons\u00e9quence de rendre le cheveu plus sec, fragile et fris\u00e9. Le chauffage avec un air sec et chaud a pour effet de d\u00e9shydrater les cheveux. Ses d\u00e9s\u00e9quilibres continuent de temp\u00e9rature am\u00e8ne \u00e0 un d\u00e9s\u00e9quilibre du PH du cuir chevelu, ce qui cause pellicules et irritation.<\/p>\n\n\n\n<p>En plus du froid, l\u2019alimentation peut aussi \u00eatre un probl\u00e8me en hiver. Les carences en vitamines (B, C et D, fer), affectent la pousse et la vitalit\u00e9 du cheveu. La graisse provenant des plats consomm\u00e9s pendant l\u2019hiver peuvent se retrouver sous le cuir chevelu, emp\u00eachant l\u2019acheminement du sang jusqu\u2019aux racines. Ce qui fragilise <a href=\"https:\/\/www.alexcruzel.com\/blog\/plantes\/\" target=\"_blank\" rel=\"noreferrer noopener\">les cheveux<\/a>.<\/p>\n\n\n\n<p>Autre ph\u00e9nom\u00e8ne tr\u00e8s connu en hiver, c\u2019est l\u2019\u00e9lectricit\u00e9 statique. Inconfortable, p\u00e9nible et difficile \u00e0 g\u00e9rer, elle est g\u00e9n\u00e9r\u00e9e par un surplus d\u2019\u00e9lectricit\u00e9 qui s\u2019accumule sur la surface des cheveux due au frottement des cheveux sur les v\u00eatements. Si les cheveux sont plus \u00e9lectriques en hiver, cela est d\u00fb au fait qu\u2019en hiver l\u2019air est plus sec. Et donc en s\u2019impr\u00e9gnant de moins d\u2019humidit\u00e9 ambiante, les cheveux se dess\u00e8chent et se chargent en \u00e9lectricit\u00e9 statique.<\/p>\n\n\n\n<h3 class=\"wp-block-heading\">Que faire ?<\/h3>\n\n\n\n<p>Pour \u00e9viter ces diff\u00e9rents d\u00e9sagr\u00e9ments hivernaux et pour de beaux cheveux en hiver, voici mes conseils\u00a0:<\/p>\n\n\n\n<ol class=\"wp-block-list\"><li>Tout d\u2019abord penser \u00e0 changer de produits capillaires pendant cette p\u00e9riode. Privil\u00e9gier des shampoings, apr\u00e8s-shampoing et des soins plus hydratants et nourrissant. Pr\u00e9f\u00e9rez \u00e9galement des shampoings moins agressifs, comme le <a href=\"https:\/\/www.alexcruzel.com\/blog\/composants-shampoing\/\" target=\"_blank\" rel=\"noreferrer noopener\">shampoing<\/a> naturel enrichi en k\u00e9ratine, de la gamme <em>Mon Shampoing.<\/em><\/li><li>Pour les cheveux raides\u00a0:<ul><li>Espacer les shampoings, puisque nous transpirons moins en hiver, nos cheveux produisent moins de s\u00e9bum. Les cheveux n\u2019ont pas besoin d\u2019\u00eatre lav\u00e9s tous les jours, 1 \u00e0 2 fois par semaine suffit. Opter pour un shampoing doux et lavez-vous les cheveux \u00e0 l\u2019eau ti\u00e8de. Si vous \u00eates courageuse, afin de stimuler la circulation sanguine, masser votre cuir chevelu et terminer par un jet d\u2019eau froide.<\/li><li>Utiliser le s\u00e9rum sublime de la gamme <em>Mon Shampoing, <\/em>qui aidera le cheveu en les lissant et en les rendant brillant et permettra ainsi de neutraliser la charge \u00e9lectrique.<\/li><li>Le soin nourrissant et d\u00e9m\u00ealant sans rin\u00e7age de la gamme <em>Mon Shampoing, <\/em>pour nourrir la fibre capillaire et rendre les cheveux plus lisses et aider \u00e0 combattre les frisottis et l\u2019\u00e9lectricit\u00e9 statique.<\/li><\/ul><\/li><li>Pour <a href=\"https:\/\/www.alexcruzel.com\/blog\/cheveux-boucles\/\" target=\"_blank\" rel=\"noreferrer noopener\">les cheveux boucl\u00e9s<\/a>\u00a0:<ul><li>Appliquer la cr\u00e8me de soin sans rin\u00e7age pour cheveux m\u00e9tiss\u00e9s ou cr\u00e9pus de la gamme Mon Shampoing ou la Curl Cream de <a href=\"https:\/\/www.alexcruzel.com\/blog\/boucleme-la-marque\/\" target=\"_blank\" rel=\"noreferrer noopener\">la gamme Boucl\u00e8me<\/a>, pour nourrir les cheveux.<\/li><li>Et finir par un gel d\u00e9finisseur de boucles tel que le Defining Gel, le Curl Styling Gel ou le Super Hold Styler de la gamme Boucl\u00e8me pour une hydratation intense.<\/li><\/ul><\/li><\/ol>\n\n\n\n<figure class=\"wp-block-gallery has-nested-images columns-default is-cropped wp-block-gallery-1 is-layout-flex wp-block-gallery-is-layout-flex\">\n<figure class=\"wp-block-image size-full is-style-rounded\"><a href=\"https:\/\/alexcruzel.com\/shop\/23-curls-conditioner-de-chez-boucleme.html\"><img loading=\"lazy\" decoding=\"async\" width=\"800\" height=\"800\" data-id=\"459\" src=\"https:\/\/www.alexcruzel.com\/blog\/wp-content\/uploads\/2021\/12\/curls-conditioner-de-chez-boucleme.jpeg\" alt=\"\" class=\"wp-image-459\" srcset=\"https:\/\/www.alexcruzel.com\/blog\/wp-content\/uploads\/2021\/12\/curls-conditioner-de-chez-boucleme.jpeg 800w, https:\/\/www.alexcruzel.com\/blog\/wp-content\/uploads\/2021\/12\/curls-conditioner-de-chez-boucleme-300x300.jpeg 300w, https:\/\/www.alexcruzel.com\/blog\/wp-content\/uploads\/2021\/12\/curls-conditioner-de-chez-boucleme-150x150.jpeg 150w, https:\/\/www.alexcruzel.com\/blog\/wp-content\/uploads\/2021\/12\/curls-conditioner-de-chez-boucleme-768x768.jpeg 768w, https:\/\/www.alexcruzel.com\/blog\/wp-content\/uploads\/2021\/12\/curls-conditioner-de-chez-boucleme-400x400.jpeg 400w\" sizes=\"auto, (max-width: 800px) 100vw, 800px\" \/><\/a><figcaption>29\u20ac ttc Curls Conditionneur Boucl\u00e8me<\/figcaption><\/figure>\n\n\n\n<figure class=\"wp-block-image size-full is-style-rounded\"><a href=\"https:\/\/alexcruzel.com\/shop\/34-serum-sublime-a-la-keratine-de-chez-mon-shampoing.html\"><img loading=\"lazy\" decoding=\"async\" width=\"800\" height=\"800\" data-id=\"458\" src=\"https:\/\/www.alexcruzel.com\/blog\/wp-content\/uploads\/2021\/12\/serum-sublime-a-la-keratine-de-chez-mon-shampoing.jpeg\" alt=\"\" class=\"wp-image-458\" srcset=\"https:\/\/www.alexcruzel.com\/blog\/wp-content\/uploads\/2021\/12\/serum-sublime-a-la-keratine-de-chez-mon-shampoing.jpeg 800w, https:\/\/www.alexcruzel.com\/blog\/wp-content\/uploads\/2021\/12\/serum-sublime-a-la-keratine-de-chez-mon-shampoing-300x300.jpeg 300w, https:\/\/www.alexcruzel.com\/blog\/wp-content\/uploads\/2021\/12\/serum-sublime-a-la-keratine-de-chez-mon-shampoing-150x150.jpeg 150w, https:\/\/www.alexcruzel.com\/blog\/wp-content\/uploads\/2021\/12\/serum-sublime-a-la-keratine-de-chez-mon-shampoing-768x768.jpeg 768w, https:\/\/www.alexcruzel.com\/blog\/wp-content\/uploads\/2021\/12\/serum-sublime-a-la-keratine-de-chez-mon-shampoing-400x400.jpeg 400w\" sizes=\"auto, (max-width: 800px) 100vw, 800px\" \/><\/a><figcaption>38\u20ac ttc S\u00e9rum sublime \u00e0 la K\u00e9ratine Mon shampoing<br><\/figcaption><\/figure>\n\n\n\n<figure class=\"wp-block-image size-full is-style-rounded\"><a href=\"https:\/\/alexcruzel.com\/shop\/40-booster-cheveux-frises-et-secs-de-chez-mon-shampoing.html\"><img loading=\"lazy\" decoding=\"async\" width=\"800\" height=\"800\" data-id=\"457\" src=\"https:\/\/www.alexcruzel.com\/blog\/wp-content\/uploads\/2021\/12\/booster-cheveux-frises-et-secs-de-chez-mon-shampoing.jpeg\" alt=\"\" class=\"wp-image-457\" srcset=\"https:\/\/www.alexcruzel.com\/blog\/wp-content\/uploads\/2021\/12\/booster-cheveux-frises-et-secs-de-chez-mon-shampoing.jpeg 800w, https:\/\/www.alexcruzel.com\/blog\/wp-content\/uploads\/2021\/12\/booster-cheveux-frises-et-secs-de-chez-mon-shampoing-300x300.jpeg 300w, https:\/\/www.alexcruzel.com\/blog\/wp-content\/uploads\/2021\/12\/booster-cheveux-frises-et-secs-de-chez-mon-shampoing-150x150.jpeg 150w, https:\/\/www.alexcruzel.com\/blog\/wp-content\/uploads\/2021\/12\/booster-cheveux-frises-et-secs-de-chez-mon-shampoing-768x768.jpeg 768w, https:\/\/www.alexcruzel.com\/blog\/wp-content\/uploads\/2021\/12\/booster-cheveux-frises-et-secs-de-chez-mon-shampoing-400x400.jpeg 400w\" sizes=\"auto, (max-width: 800px) 100vw, 800px\" \/><\/a><figcaption>12\u20ac ttc Booster cheveux fris\u00e9s et secs Mon shampoing<\/figcaption><\/figure>\n<\/figure>\n\n\n\n<h2 class=\"wp-block-heading\">L&rsquo;\u00e9t\u00e9<\/h2>\n\n\n\n<p>Lorsque les premiers rayons du soleil pointent le bout de leur nez, nous pensons \u00e0 nous prot\u00e9ger le corps et le visage, mais pas nos cheveux. Tout comme des cheveux color\u00e9s, l\u2019action du soleil, du sel de mer, du chlore ont tendance \u00e0 attaquer les cheveux en les dess\u00e9chant et en les fragilisant. Sous l\u2019effet du soleil, la fibre capillaire s\u2019ass\u00e8che, les \u00e9cailles du cheveu s\u2019ouvrent et les pointes sont cassantes. Ce qui peut entrainer la chute des cheveux. Le sel de mer et le chlore des piscines ont tendance \u00e0 irriter le cuir chevelu en alt\u00e9rant le film hydrolipidique. Cela a pour effet de produire des pellicules et de rendre le cheveu plus vuln\u00e9rable.<\/p>\n\n\n<div class=\"wp-block-image\">\n<figure class=\"aligncenter size-full is-resized\"><img loading=\"lazy\" decoding=\"async\" src=\"https:\/\/www.alexcruzel.com\/blog\/wp-content\/uploads\/2023\/03\/ete.jpg\" alt=\"\" class=\"wp-image-678\" width=\"500\" height=\"500\" srcset=\"https:\/\/www.alexcruzel.com\/blog\/wp-content\/uploads\/2023\/03\/ete.jpg 1000w, https:\/\/www.alexcruzel.com\/blog\/wp-content\/uploads\/2023\/03\/ete-300x300.jpg 300w, https:\/\/www.alexcruzel.com\/blog\/wp-content\/uploads\/2023\/03\/ete-150x150.jpg 150w, https:\/\/www.alexcruzel.com\/blog\/wp-content\/uploads\/2023\/03\/ete-768x768.jpg 768w, https:\/\/www.alexcruzel.com\/blog\/wp-content\/uploads\/2023\/03\/ete-900x900.jpg 900w, https:\/\/www.alexcruzel.com\/blog\/wp-content\/uploads\/2023\/03\/ete-400x400.jpg 400w\" sizes=\"auto, (max-width: 500px) 100vw, 500px\" \/><\/figure>\n<\/div>\n\n\n<h3 class=\"wp-block-heading\">Que faire ?<\/h3>\n\n\n\n<p>Afin de garder une belle crini\u00e8re pendant l\u2019\u00e9t\u00e9 et \u00e9viter de se retrouver avec de la paille sur la t\u00eate \u00e0 la fin des vacances, voici quelques conseils.<\/p>\n\n\n\n<ul class=\"wp-block-list\"><li>Utiliser un filtre UV avant et apr\u00e8s chaque baignade et pensez \u00e0 vous rincer les cheveux \u00e0 l\u2019eau claire pour pas que le sable et le sel attaque vos cheveux.<\/li><li>Ne pas utiliser d\u2019huile capillaire pour hydrater le cheveu, sous les effets du soleil, cela est contre-productif. L\u2019huile n\u2019ayant pas le temps d\u2019\u00eatre absorb\u00e9 par les cheveux, ils deviennent cassants sont d\u00e9shydrat\u00e9s.<\/li><li>Si vous avez <a href=\"https:\/\/www.alexcruzel.com\/blog\/colorer-ou-decolorer-les-cheveux\/\" target=\"_blank\" rel=\"noreferrer noopener\">les cheveux color\u00e9s,<\/a> se prot\u00e9ger avec des sprays anti UV et porter chapeau, bandeau ou casquette pour prot\u00e9ger vos cheveux et donc votre couleur. S\u2019exposer au soleil lorsque l\u2019on vient de faire une coloration d\u00e9t\u00e9riorerez les cheveux encore plus.<\/li><li>Se laver les cheveux tous les jours si vous vous baignez ou tous les deux jours. Pensez \u00e0 leur hydratation avec un apr\u00e8s-shampoing, d\u00e9m\u00ealant, masque et un soin adapt\u00e9, pour nourrir et hydrater les cheveux. Comme le kit solaire de la gamme Mon Shampoing qui comprend 3 produits\u00a0:<ul><li>Le shampoing (200\u2009ml) sans SLS, <a href=\"https:\/\/www.alexcruzel.com\/blog\/sulfate-paraben-et-silicone-quels-dangers-pour-nos-cheveux\/\" target=\"_blank\" rel=\"noreferrer noopener\">sans paraben, sans silicone<\/a>.<\/li><li>Le masque (200\u2009ml) sans paraben \u00e0 l\u2019huile de Marula et enrichi \u00e0 l\u2019huile essentielle de fleur d\u2019oranger. Il \u00e9limine les r\u00e9sidus de sable, sel et chlore, nourrit et pr\u00e9serve la beaut\u00e9 naturelle des cheveux.<\/li><li>Le spray solaire nourrissant (100\u2009ml).<\/li><\/ul><\/li><\/ul>\n\n\n\n<h2 class=\"wp-block-heading\">Le soleil est-il b\u00e9n\u00e9fique ?<\/h2>\n\n\n\n<p>Le soleil n\u2019offre pas que des d\u00e9sagr\u00e9ments pour les cheveux. Ainsi, il aide \u00e0 les \u00e9claircir et apporte des reflets naturellement. Et la lumi\u00e8re favorise la synth\u00e9tisation de la vitamine D. \u00c0 petites doses, le soleil aide \u00e0 la pousse des cheveux en stimulant la circulation sanguine. Afin de limiter les effets pervers du soleil sur votre crini\u00e8re, il existe des aliments et des nutriments protecteurs.<\/p>\n\n\n<div class=\"wp-block-image\">\n<figure class=\"aligncenter size-large is-resized\"><img loading=\"lazy\" decoding=\"async\" src=\"https:\/\/www.alexcruzel.com\/blog\/wp-content\/uploads\/2021\/08\/tableau-nutriments.png\" alt=\"\" class=\"wp-image-342\" width=\"675\" height=\"392\" srcset=\"https:\/\/www.alexcruzel.com\/blog\/wp-content\/uploads\/2021\/08\/tableau-nutriments.png 900w, https:\/\/www.alexcruzel.com\/blog\/wp-content\/uploads\/2021\/08\/tableau-nutriments-300x174.png 300w, https:\/\/www.alexcruzel.com\/blog\/wp-content\/uploads\/2021\/08\/tableau-nutriments-768x445.png 768w, https:\/\/www.alexcruzel.com\/blog\/wp-content\/uploads\/2021\/08\/tableau-nutriments-400x232.png 400w\" sizes=\"auto, (max-width: 675px) 100vw, 675px\" \/><\/figure>\n<\/div>","protected":false},"excerpt":{"rendered":"<p>Les cheveux sont le reflet de notre alimentation et de notre \u00e9tat \u00e9motionnel. Il convient donc de ne pas n\u00e9gliger les facteurs de stress (travail, famille\u2026), ainsi qu\u2019une alimentation d\u00e9s\u00e9quilibr\u00e9e. \u00c0 cela viennent \u00e9galement s\u2019ajouter les facteurs saisonniers. Les cheveux r\u00e9agissent diff\u00e9remment en hiver et en \u00e9t\u00e9 et demandent donc un traitement sp\u00e9cifique en fonction &hellip; <\/p>\n","protected":false},"author":5,"featured_media":346,"comment_status":"open","ping_status":"open","sticky":false,"template":"","format":"standard","meta":{"footnotes":""},"categories":[1],"tags":[],"class_list":["post-326","post","type-post","status-publish","format-standard","has-post-thumbnail","hentry","category-non-classe"],"_links":{"self":[{"href":"https:\/\/www.alexcruzel.com\/blog\/wp-json\/wp\/v2\/posts\/326","targetHints":{"allow":["GET"]}}],"collection":[{"href":"https:\/\/www.alexcruzel.com\/blog\/wp-json\/wp\/v2\/posts"}],"about":[{"href":"https:\/\/www.alexcruzel.com\/blog\/wp-json\/wp\/v2\/types\/post"}],"author":[{"embeddable":true,"href":"https:\/\/www.alexcruzel.com\/blog\/wp-json\/wp\/v2\/users\/5"}],"replies":[{"embeddable":true,"href":"https:\/\/www.alexcruzel.com\/blog\/wp-json\/wp\/v2\/comments?post=326"}],"version-history":[{"count":9,"href":"https:\/\/www.alexcruzel.com\/blog\/wp-json\/wp\/v2\/posts\/326\/revisions"}],"predecessor-version":[{"id":817,"href":"https:\/\/www.alexcruzel.com\/blog\/wp-json\/wp\/v2\/posts\/326\/revisions\/817"}],"wp:featuredmedia":[{"embeddable":true,"href":"https:\/\/www.alexcruzel.com\/blog\/wp-json\/wp\/v2\/media\/346"}],"wp:attachment":[{"href":"https:\/\/www.alexcruzel.com\/blog\/wp-json\/wp\/v2\/media?parent=326"}],"wp:term":[{"taxonomy":"category","embeddable":true,"href":"https:\/\/www.alexcruzel.com\/blog\/wp-json\/wp\/v2\/categories?post=326"},{"taxonomy":"post_tag","embeddable":true,"href":"https:\/\/www.alexcruzel.com\/blog\/wp-json\/wp\/v2\/tags?post=326"}],"curies":[{"name":"wp","href":"https:\/\/api.w.org\/{rel}","templated":true}]}}