{"id":397,"date":"2021-12-15T12:25:00","date_gmt":"2021-12-15T11:25:00","guid":{"rendered":"https:\/\/alexcruzel.com\/blog\/?p=397"},"modified":"2023-10-05T09:16:25","modified_gmt":"2023-10-05T07:16:25","slug":"coloration-capillaire","status":"publish","type":"post","link":"https:\/\/www.alexcruzel.com\/blog\/coloration-capillaire\/","title":{"rendered":"Coloration capillaire : danger ou pas ?"},"content":{"rendered":"\n<p>Vous avez les cheveux boucl\u00e9s, fris\u00e9s ou lisses et vous vous \u00eates d\u00e9j\u00e0 pos\u00e9 les questions suivantes&nbsp;:<\/p>\n\n\n\n<ul class=\"wp-block-list\"><li>Est-ce que je peux sans crainte me colorer ou d\u00e9colorer les cheveux&nbsp;?<\/li><li>La coloration ou la d\u00e9coloration peut-elle ab\u00eemer mes cheveux&nbsp;?<\/li><li>Est-ce que je vais pouvoir conserver mes boucles&nbsp;?<\/li><\/ul>\n\n\n\n<p>Tout d&rsquo;abord, avant d\u2019effectuer la moindre transformation capillaire, il est essentiel de s\u2019assurer de l\u2019\u00e9tat de sant\u00e9 de vos cheveux. Plus le changement sera extr\u00eame, plus cela demandera de soins au quotidien. Ainsi, avec les bons soins, vous pourrez conserver votre constitution capillaire et avoir les m\u00e8ches que vous d\u00e9sirez tant. Toutefois, il est fortement recommand\u00e9 de demander conseil \u00e0 un professionnel qualifi\u00e9 avant toute action.<\/p>\n\n\n\n<h2 class=\"wp-block-heading\">La coloration ab\u00eeme-t-elle les cheveux ? <\/h2>\n\n\n\n<p>Je vous r\u00e9pondrai que la r\u00e9ponse est \u00ab&nbsp;oui&nbsp;\u00bb et \u00ab&nbsp;non&nbsp;\u00bb puisque tout d\u00e9pend exclusivement de la technique que vous allez utiliser. Le plus souvent chimique, elle est n\u00e9faste et ab\u00eeme fortement la chevelure. Peu favorables aux <a href=\"https:\/\/www.alexcruzel.com\/blog\/cheveux-boucles\/\">cheveux boucl\u00e9s<\/a>, les m\u00e9thodes de coloration classique ont toujours contenu des produits plus ou moins toxiques qui entra\u00eenent des irritations du cuir chevelu, des allergies, des br\u00fblures cutan\u00e9es et ab\u00eement les cheveux. Ces produits p\u00e9n\u00e8trent la fibre capillaire, ouvrent les \u00e9cailles, qui ne prot\u00e8gent plus la fibre. Cela a pour effet de ne plus permettre aux soins de p\u00e9n\u00e9trer en profondeur, ce qui rend les cheveux secs et poreux. Sur des cheveux boucl\u00e9s, elle est plus d\u00e9vastatrice, car elle enl\u00e8ve les pigments de la fibre capillaire et transforme les boucles. De nos jours, il existe des proc\u00e9d\u00e9s qui permettent de se colorer les cheveux en toute qui\u00e9tude.<\/p>\n\n\n\n<p>Pour vous \u00e9clairer, voici donc les techniques de coloration, de la moins agressive \u00e0 la plus agressive.<\/p>\n\n\n<div class=\"wp-block-image\">\n<figure class=\"aligncenter size-full is-resized\"><img loading=\"lazy\" decoding=\"async\" src=\"https:\/\/www.alexcruzel.com\/blog\/wp-content\/uploads\/2023\/03\/cheveux-colores-1.jpg\" alt=\"Coloration permanente\" class=\"wp-image-707\" width=\"500\" height=\"500\" srcset=\"https:\/\/www.alexcruzel.com\/blog\/wp-content\/uploads\/2023\/03\/cheveux-colores-1.jpg 1000w, https:\/\/www.alexcruzel.com\/blog\/wp-content\/uploads\/2023\/03\/cheveux-colores-1-300x300.jpg 300w, https:\/\/www.alexcruzel.com\/blog\/wp-content\/uploads\/2023\/03\/cheveux-colores-1-150x150.jpg 150w, https:\/\/www.alexcruzel.com\/blog\/wp-content\/uploads\/2023\/03\/cheveux-colores-1-768x768.jpg 768w, https:\/\/www.alexcruzel.com\/blog\/wp-content\/uploads\/2023\/03\/cheveux-colores-1-900x900.jpg 900w, https:\/\/www.alexcruzel.com\/blog\/wp-content\/uploads\/2023\/03\/cheveux-colores-1-400x400.jpg 400w\" sizes=\"auto, (max-width: 500px) 100vw, 500px\" \/><\/figure>\n<\/div>\n\n\n<h3 class=\"wp-block-heading\">La teinture temporaire ou semi-permanente<\/h3>\n\n\n\n<p>Elle est non intrusive pour la fibre capillaire, car la coloration temporaire ne contient ni peroxyde ni d\u2019ammoniaque (qui ouvre les \u00e9cailles pour enlever votre couleur naturelle et injecter la nouvelle couleur), elle n\u2019ab\u00eeme donc pas les cheveux. Cependant, elle ne permet pas d\u2019opter pour une teinte plus claire que celle que vous portez en ce moment. De plus, la couleur s\u2019estompe plus vite que les autres m\u00e9thodes, ce qui permet d\u2019encha\u00eener les colorations sans affecter la bonne sant\u00e9 du cheveu.<\/p>\n\n\n\n<h3 class=\"wp-block-heading\">La coloration ton sur ton<\/h3>\n\n\n\n<p>\u00c9galement nomm\u00e9e \u00ab&nbsp;r\u00e9g\u00e9&nbsp;\u00bb ou \u00ab&nbsp;diacolor&nbsp;\u00bb, c\u2019est une teinture qui agit en surface. Elle p\u00e9n\u00e8tre le cheveu sans s\u2019infiltrer dans la fibre capillaire. Comme son nom l\u2019indique, la coloration ton sur ton est une coloration dont la couleur est proche de votre couleur naturelle. Elle est utile, pour accentuer les reflets naturels, raviver la brillance de vos cheveux ou pour mettre en relief votre chevelure. Ainsi, elle ne permet pas d\u2019\u00e9claircir les cheveux, mais de les foncer de deux tons. C\u2019est pourquoi ce type de coloration est pratique pour couvrir des cheveux blancs. Cette coloration dure entre six et huit semaines, peu courante, elle n\u2019est pratiqu\u00e9e qu\u2019une fois sur cinq.<\/p>\n\n\n\n<h3 class=\"wp-block-heading\">La coloration permanente<\/h3>\n\n\n\n<p>C\u2019est la coloration la plus populaire, mais \u00e9galement la plus nocive. \u00c0 l\u2019inverse des colorations temporaires ou semi-permanentes, les mol\u00e9cules qu\u2019elle contient s\u2019infiltrent dans la fibre capillaire, pour que la couleur puisse durer dans le temps. C\u2019est gr\u00e2ce \u00e0 l\u2019effet d\u2019oxydation que la couleur peut perdurer. La d\u00e9coloration va ouvrir les \u00e9cailles du cheveu et par une technique chimique qui va enlever toutes substances color\u00e9es contenues dans la fibre capillaire. Ce qui va permettre \u00e0 la nouvelle couleur de se fixer. C\u2019est pour cela qu\u2019elle ab\u00eeme davantage les cheveux et qu\u2019elle est dite permanente.<\/p>\n\n\n\n<p>Aujourd\u2019hui, il existe des proc\u00e9d\u00e9s de coloration moins agressifs pour les cheveux avec des colorations \u00e0 90&nbsp;% naturel et 10&nbsp;% chimique ou encore 100&nbsp;% naturel. Ces produits plus respectueux des cheveux et de l\u2019environnement offrent une tenue et une couverture aussi efficace que les colorations classiques.<\/p>\n\n\n\n<p>Pour conserver sa couleur, il suffit de faire des retouches sur les racines, toutes les 6 ou 8 semaines, selon la repousse des cheveux. En effet, une coloration permanente n\u2019est pas suppos\u00e9e s\u2019estomper, mais elle peut p\u00e2lir avec le temps. Si vous souhaitez conserver plus longtemps la brillance des premiers jours, il faut prendre soin de vos cheveux color\u00e9s en utilisant des produits adapt\u00e9s.<\/p>\n\n\n<div class=\"wp-block-image\">\n<figure class=\"aligncenter size-large is-resized\"><img loading=\"lazy\" decoding=\"async\" src=\"https:\/\/www.alexcruzel.com\/blog\/wp-content\/uploads\/2021\/12\/coloration-chveux-shema-1.png\" alt=\"Sch\u00e9ma de la coloration chimique\" class=\"wp-image-394\" width=\"675\" height=\"392\" srcset=\"https:\/\/www.alexcruzel.com\/blog\/wp-content\/uploads\/2021\/12\/coloration-chveux-shema-1.png 900w, https:\/\/www.alexcruzel.com\/blog\/wp-content\/uploads\/2021\/12\/coloration-chveux-shema-1-300x174.png 300w, https:\/\/www.alexcruzel.com\/blog\/wp-content\/uploads\/2021\/12\/coloration-chveux-shema-1-768x445.png 768w, https:\/\/www.alexcruzel.com\/blog\/wp-content\/uploads\/2021\/12\/coloration-chveux-shema-1-400x232.png 400w\" sizes=\"auto, (max-width: 675px) 100vw, 675px\" \/><figcaption>Comment une coloration chimique affecte un cheveu<\/figcaption><\/figure>\n<\/div>\n\n<div class=\"wp-block-image\">\n<figure class=\"aligncenter size-large is-resized\"><img loading=\"lazy\" decoding=\"async\" src=\"https:\/\/www.alexcruzel.com\/blog\/wp-content\/uploads\/2021\/12\/coloration-chveux-shema-2.png\" alt=\"Illustration danger de la coloration chimique\" class=\"wp-image-395\" width=\"675\" height=\"392\" srcset=\"https:\/\/www.alexcruzel.com\/blog\/wp-content\/uploads\/2021\/12\/coloration-chveux-shema-2.png 900w, https:\/\/www.alexcruzel.com\/blog\/wp-content\/uploads\/2021\/12\/coloration-chveux-shema-2-300x174.png 300w, https:\/\/www.alexcruzel.com\/blog\/wp-content\/uploads\/2021\/12\/coloration-chveux-shema-2-768x445.png 768w, https:\/\/www.alexcruzel.com\/blog\/wp-content\/uploads\/2021\/12\/coloration-chveux-shema-2-400x232.png 400w\" sizes=\"auto, (max-width: 675px) 100vw, 675px\" \/><figcaption>L&rsquo;action de la coloration chimique sur le cheveu<\/figcaption><\/figure>\n<\/div>\n\n\n<h2 class=\"wp-block-heading\">Comment \u00e9viter d\u2019ab\u00eemer ses cheveux avec une coloration chimique&nbsp;?<\/h2>\n\n\n\n<p>Si vous optez pour une coloration chimique, voici quelques conseils pour \u00e9viter de trop s\u2019ab\u00eemer les cheveux&nbsp;:<\/p>\n\n\n\n<ul class=\"wp-block-list\"><li>Il est tr\u00e8s important de respecter le temps de pose du produit pour \u00e9viter tous dommages ou br\u00fblures.<\/li><li>R\u00e9aliser en plusieurs fois votre coloration, surtout si vous devez \u00e9claircir beaucoup vos cheveux.<\/li><li>Espacez au maximum les colorations, pour exposer le moins possible les cheveux aux produits, l\u2019id\u00e9al \u00e9tant quatre semaines.<\/li><li>Colorer seulement les racines lors des repousses et non la t\u00eate toute enti\u00e8re.<\/li><li>Entretenez votre chevelure apr\u00e8s la coloration (des soins, des masques, des shampoings, des apr\u00e8s-shampoings adapt\u00e9s).<\/li><li>N\u2019adoptez pas une coloration totalement oppos\u00e9e \u00e0 la v\u00f4tre tous les 15 jours.<\/li><\/ul>\n\n\n\n<h2 class=\"wp-block-heading\">Quelques questions sur la coloration<\/h2>\n\n\n\n<h3 class=\"wp-block-heading\">Les produits qui ne contiennent ni \u00ab&nbsp;ammoniaque&nbsp;\u00bb ni \u00ab&nbsp;peroxyde&nbsp;\u00bb ab\u00eement-ils les cheveux&nbsp;?<\/h3>\n\n\n\n<p>Dans l\u2019absolu non, cependant si sur la bo\u00eete de coloration, il figure la mention \u00ab&nbsp;coloration permanente&nbsp;\u00bb il est probable que les fabricants aient utilis\u00e9 \u00e0 la place des substituts qui poss\u00e8dent les m\u00eames effets et sont tout aussi nocifs. Si vous souhaitez \u00eatre s\u00fbr que le produit ne contient aucun <a href=\"https:\/\/www.alexcruzel.com\/blog\/produits-dangereux-pour-nos-cheveux\/\">agent chimique<\/a>, il doit \u00eatre mentionn\u00e9 100&nbsp;% naturel sur le paquet.<\/p>\n\n\n\n<h3 class=\"wp-block-heading\">Passer du clair au fonc\u00e9 est-il sans danger pour mes cheveux&nbsp;?<\/h3>\n\n\n\n<p>Si vous souhaitez savoir si cela peut ab\u00eemer vos cheveux, il suffit de se r\u00e9f\u00e9rer \u00e0 la technique utilis\u00e9e. Donc, si vous optez pour un ton sur ton, la r\u00e9ponse est non. Cependant, si vous choisissez une coloration permanente, il y aura toujours le proc\u00e9d\u00e9 d\u2019oxydation, m\u00eame pour passer du clair au fonc\u00e9.<\/p>\n\n\n\n<h3 class=\"wp-block-heading\">Je souhaite une couleur de cheveu originale<\/h3>\n\n\n\n<p>La couleur est plus fonc\u00e9e que celle que vous avez ? Alors, vous n&rsquo;avez pas besoin de les d\u00e9colorer, donc pas de proc\u00e9d\u00e9 chimique. Toutefois, si vous souhaitez une couleur fluo, pastel, violet ou rouge sang, \u2026 Vous seriez presque oblig\u00e9 d&rsquo;effectuer une d\u00e9coloration, \u00e0 moins que vous ayez les cheveux tr\u00e8s clairs.<\/p>\n\n\n<div class=\"wp-block-image\">\n<figure class=\"aligncenter size-full is-resized\"><img loading=\"lazy\" decoding=\"async\" src=\"https:\/\/www.alexcruzel.com\/blog\/wp-content\/uploads\/2023\/03\/coloration-1.jpg\" alt=\"coloration cheveux\" class=\"wp-image-708\" width=\"500\" height=\"500\" srcset=\"https:\/\/www.alexcruzel.com\/blog\/wp-content\/uploads\/2023\/03\/coloration-1.jpg 1000w, https:\/\/www.alexcruzel.com\/blog\/wp-content\/uploads\/2023\/03\/coloration-1-300x300.jpg 300w, https:\/\/www.alexcruzel.com\/blog\/wp-content\/uploads\/2023\/03\/coloration-1-150x150.jpg 150w, https:\/\/www.alexcruzel.com\/blog\/wp-content\/uploads\/2023\/03\/coloration-1-768x768.jpg 768w, https:\/\/www.alexcruzel.com\/blog\/wp-content\/uploads\/2023\/03\/coloration-1-900x900.jpg 900w, https:\/\/www.alexcruzel.com\/blog\/wp-content\/uploads\/2023\/03\/coloration-1-400x400.jpg 400w\" sizes=\"auto, (max-width: 500px) 100vw, 500px\" \/><\/figure>\n<\/div>\n\n\n<h2 class=\"wp-block-heading\">La d\u00e9coloration ab\u00eeme-t-elle les cheveux&nbsp;?<\/h2>\n\n\n\n<p>Pour avoir les cheveux clairs, la d\u00e9coloration est la m\u00e9thode la plus efficace. N\u00e9anmoins, il faut garder en t\u00eate que cette solution fragilise les cheveux, qui seront plus secs et cassants.<\/p>\n\n\n\n<p>C\u2019est le proc\u00e9d\u00e9 m\u00eame de la d\u00e9coloration qui ab\u00eeme les cheveux. En effet, comme nous l\u2019avons vu pour la coloration permanente, le produit d\u00e9colorant agit en profondeur sur la fibre capillaire. Des agents oxydants vont ouvrir les \u00e9cailles du cheveu et retirer les pigments qui le colorent. Ainsi, quand les \u00e9cailles se referment, il est plus fin et translucide. Ce qui dess\u00e8che le cheveu, le rend cassant et lui fait perdre en masse. Je d\u00e9conseille donc, de proc\u00e9der \u00e0 une d\u00e9coloration sup\u00e9rieure \u00e0 5 tons.<\/p>\n\n\n\n<p>Lorsque vous avez r\u00e9alis\u00e9 votre d\u00e9coloration, il est primordial d\u2019hydrater correctement la fibre capillaire qui est affaiblie, mais comment&nbsp;?<\/p>\n\n\n\n<ul class=\"wp-block-list\"><li>En utilisant des <a href=\"https:\/\/www.alexcruzel.com\/blog\/bain-dhuile\/\" target=\"_blank\" rel=\"noreferrer noopener\">bains d\u2019huile<\/a>, des masques\u2026<\/li><li>En espa\u00e7ant les d\u00e9colorations afin d\u2019agresser le moins possible les cheveux.<\/li><\/ul>\n\n\n\n<h2 class=\"wp-block-heading\">Comment \u00e9viter d\u2019\u00e9viter d\u2019ab\u00eemer ses cheveux avec la d\u00e9coloration&nbsp;?<\/h2>\n\n\n\n<p>Pour minimiser les d\u00e9g\u00e2ts de la d\u00e9coloration, il faut respecter quelques r\u00e8gles simples&nbsp;:<\/p>\n\n\n\n<h3 class=\"wp-block-heading\">Ne pas d\u00e9colorer sur une base fonc\u00e9e<\/h3>\n\n\n\n<p>Si vous avez les cheveux noir ou brun, il est souhaitable que vous oubliiez d\u2019avoir un blond. Les cheveux fonc\u00e9s sont plus \u00e9pais, et de ce fait peu adapt\u00e9s pour la d\u00e9coloration. Si vous souhaitez \u00e9claircir vos cheveux, n\u2019allez pas au-del\u00e0 de 2 tons, de votre couleur naturelle dans l\u2019id\u00e9al, voir 5 tons si vous souhaitez \u00e9claircir de mani\u00e8re tr\u00e8s distincte. Un coiffeur qui accepterait de vous faire plus que cela serait un mauvais coiffeur.<\/p>\n\n\n\n<figure class=\"wp-block-gallery has-nested-images columns-default is-cropped wp-block-gallery-1 is-layout-flex wp-block-gallery-is-layout-flex\">\n<figure class=\"wp-block-image size-full is-style-rounded\"><a href=\"https:\/\/alexcruzel.com\/shop\/23-curls-conditioner-de-chez-boucleme.html\"><img loading=\"lazy\" decoding=\"async\" width=\"800\" height=\"800\" data-id=\"459\" src=\"https:\/\/www.alexcruzel.com\/blog\/wp-content\/uploads\/2021\/12\/curls-conditioner-de-chez-boucleme.jpeg\" alt=\"\" class=\"wp-image-459\" srcset=\"https:\/\/www.alexcruzel.com\/blog\/wp-content\/uploads\/2021\/12\/curls-conditioner-de-chez-boucleme.jpeg 800w, https:\/\/www.alexcruzel.com\/blog\/wp-content\/uploads\/2021\/12\/curls-conditioner-de-chez-boucleme-300x300.jpeg 300w, https:\/\/www.alexcruzel.com\/blog\/wp-content\/uploads\/2021\/12\/curls-conditioner-de-chez-boucleme-150x150.jpeg 150w, https:\/\/www.alexcruzel.com\/blog\/wp-content\/uploads\/2021\/12\/curls-conditioner-de-chez-boucleme-768x768.jpeg 768w, https:\/\/www.alexcruzel.com\/blog\/wp-content\/uploads\/2021\/12\/curls-conditioner-de-chez-boucleme-400x400.jpeg 400w\" sizes=\"auto, (max-width: 800px) 100vw, 800px\" \/><\/a><figcaption>29\u20ac ttc Curls Conditionneur Boucl\u00e8me<\/figcaption><\/figure>\n\n\n\n<figure class=\"wp-block-image size-full is-style-rounded\"><a href=\"https:\/\/alexcruzel.com\/shop\/34-serum-sublime-a-la-keratine-de-chez-mon-shampoing.html\"><img loading=\"lazy\" decoding=\"async\" width=\"800\" height=\"800\" data-id=\"458\" src=\"https:\/\/www.alexcruzel.com\/blog\/wp-content\/uploads\/2021\/12\/serum-sublime-a-la-keratine-de-chez-mon-shampoing.jpeg\" alt=\"\" class=\"wp-image-458\" srcset=\"https:\/\/www.alexcruzel.com\/blog\/wp-content\/uploads\/2021\/12\/serum-sublime-a-la-keratine-de-chez-mon-shampoing.jpeg 800w, https:\/\/www.alexcruzel.com\/blog\/wp-content\/uploads\/2021\/12\/serum-sublime-a-la-keratine-de-chez-mon-shampoing-300x300.jpeg 300w, https:\/\/www.alexcruzel.com\/blog\/wp-content\/uploads\/2021\/12\/serum-sublime-a-la-keratine-de-chez-mon-shampoing-150x150.jpeg 150w, https:\/\/www.alexcruzel.com\/blog\/wp-content\/uploads\/2021\/12\/serum-sublime-a-la-keratine-de-chez-mon-shampoing-768x768.jpeg 768w, https:\/\/www.alexcruzel.com\/blog\/wp-content\/uploads\/2021\/12\/serum-sublime-a-la-keratine-de-chez-mon-shampoing-400x400.jpeg 400w\" sizes=\"auto, (max-width: 800px) 100vw, 800px\" \/><\/a><figcaption>38\u20ac ttc S\u00e9rum sublime \u00e0 la K\u00e9ratine Mon shampoing<br><\/figcaption><\/figure>\n\n\n\n<figure class=\"wp-block-image size-full is-style-rounded\"><a href=\"https:\/\/alexcruzel.com\/shop\/40-booster-cheveux-frises-et-secs-de-chez-mon-shampoing.html\"><img loading=\"lazy\" decoding=\"async\" width=\"800\" height=\"800\" data-id=\"457\" src=\"https:\/\/www.alexcruzel.com\/blog\/wp-content\/uploads\/2021\/12\/booster-cheveux-frises-et-secs-de-chez-mon-shampoing.jpeg\" alt=\"\" class=\"wp-image-457\" srcset=\"https:\/\/www.alexcruzel.com\/blog\/wp-content\/uploads\/2021\/12\/booster-cheveux-frises-et-secs-de-chez-mon-shampoing.jpeg 800w, https:\/\/www.alexcruzel.com\/blog\/wp-content\/uploads\/2021\/12\/booster-cheveux-frises-et-secs-de-chez-mon-shampoing-300x300.jpeg 300w, https:\/\/www.alexcruzel.com\/blog\/wp-content\/uploads\/2021\/12\/booster-cheveux-frises-et-secs-de-chez-mon-shampoing-150x150.jpeg 150w, https:\/\/www.alexcruzel.com\/blog\/wp-content\/uploads\/2021\/12\/booster-cheveux-frises-et-secs-de-chez-mon-shampoing-768x768.jpeg 768w, https:\/\/www.alexcruzel.com\/blog\/wp-content\/uploads\/2021\/12\/booster-cheveux-frises-et-secs-de-chez-mon-shampoing-400x400.jpeg 400w\" sizes=\"auto, (max-width: 800px) 100vw, 800px\" \/><\/a><figcaption>12\u20ac ttc Booster cheveux fris\u00e9s et secs Mon shampoing<\/figcaption><\/figure>\n<\/figure>\n\n\n\n<h3 class=\"wp-block-heading\">Ne d\u00e9colorez pas vos cheveux plus que de raison.<\/h3>\n\n\n\n<p>Selon votre couleur d\u2019origine, opter pour les dosages suivants, \u00e9crit sur les paquets de d\u00e9coloration&nbsp;:<\/p>\n\n\n\n<ul class=\"wp-block-list\"><li>Vol.20 pour les cheveux clairs ou d\u00e9j\u00e0 d\u00e9color\u00e9s.<\/li><li>vol.30 pour les cheveux ch\u00e2tains ou qui ont d\u00e9j\u00e0 une coloration semi-permanente.<\/li><li>vol.40 pour les cheveux naturellement fonc\u00e9s.<\/li><\/ul>\n\n\n\n<h3 class=\"wp-block-heading\">R\u00e9aliser du blanc ou un blond platine seulement si vous avez une base claire<\/h3>\n\n\n\n<p>Pour un blond tr\u00e8s clair, vous devez partir au maximum d\u2019un blond moyen. Ce qui n\u2019emp\u00eachera pas de causer des dommages au cheveu. Surveillez donc la d\u00e9coloration pendant le temps de pose. Si la couleur ne s\u2019\u00e9claircit plus apr\u00e8s 3 ou 4 minutes, rincez, il est inutile de continuer la d\u00e9coloration dans ce cas.<\/p>\n\n\n\n<h3 class=\"wp-block-heading\">Prenez des pr\u00e9cautions pour \u00e9viter les r\u00e9actions exothermiques<\/h3>\n\n\n\n<p>Le processus de d\u00e9coloration cr\u00e9e une r\u00e9action exothermique intense, c\u2019est-\u00e0-dire que le produit va beaucoup chauffer votre cheveu, en particulier quand on le pose sous du papier aluminium. Aussi, d\u00e8s que vous sentez que \u00e7a br\u00fble, rincez imm\u00e9diatement au risque de voir vos cheveux d\u00e9finitivement irr\u00e9cup\u00e9rables. Au moindre picotement, br\u00fblure, rincez sans attendre.<\/p>\n\n\n\n<h3 class=\"wp-block-heading\">Ne chargez pas votre t\u00eate de produit<\/h3>\n\n\n\n<p>Appliquez juste ce qui est n\u00e9cessaire, pour \u00e9viter toutes r\u00e9actions dermatologiques ou br\u00fblures.<\/p>\n\n\n\n<h3 class=\"wp-block-heading\">Si votre cuir chevelu est irrit\u00e9 ou sensible<\/h3>\n\n\n\n<p>\u00c9vitez les m\u00e9thodes de d\u00e9coloration classique et choisissez plut\u00f4t des m\u00e9thodes plus <a href=\"https:\/\/www.alexcruzel.com\/blog\/cosmetique-bio\/\" target=\"_blank\" rel=\"noreferrer noopener\">naturelles<\/a>.<\/p>\n\n\n\n<h3 class=\"wp-block-heading\">Il est conseill\u00e9 d\u2019avoir un cheveu en bonne sant\u00e9<\/h3>\n\n\n\n<p>Avant de r\u00e9aliser une d\u00e9coloration pour \u00e9viter de les ab\u00eemer davantage.<\/p>\n\n\n\n<h3 class=\"wp-block-heading\">Les lissages et permanentes r\u00e9p\u00e9t\u00e9s<\/h3>\n\n\n\n<p>Ces techniques de coiffure ne font pas bon m\u00e9nage avec une d\u00e9coloration, car la fibre capillaire est d\u00e9j\u00e0 d\u00e9t\u00e9rior\u00e9e.<\/p>\n\n\n\n<h3 class=\"wp-block-heading\">La longueur de votre chevelure<\/h3>\n\n\n\n<p>Elle joue aussi un r\u00f4le important, car plus celle-ci est longue, plus le cheveu est expos\u00e9 longtemps au produit, donc plus il sera sensibilis\u00e9.<\/p>\n\n\n\n<h3 class=\"wp-block-heading\">Pour les femmes enceintes<\/h3>\n\n\n\n<p>La d\u00e9coloration est fortement d\u00e9conseill\u00e9e pour les femmes enceintes pour deux raisons&nbsp;:<\/p>\n\n\n\n<ol class=\"wp-block-list\"><li>Les inhalations des produits chimiques, mauvais pour le f\u0153tus.<\/li><li>Les hormones fragilisent d\u00e9j\u00e0 les cheveux.<\/li><\/ol>\n\n\n\n<p>Une d\u00e9coloration n\u2019est pas r\u00e9versible et si vous souhaitez retrouver votre couleur naturelle il faut patienter le temps des repousses et vous couper les cheveux d\u00e9color\u00e9s petit \u00e0 petit. Il est donc pr\u00e9f\u00e9rable de r\u00e9aliser une d\u00e9coloration qu\u2019occasionnellement.<\/p>\n\n\n<div class=\"wp-block-image\">\n<figure class=\"aligncenter size-full is-resized\"><img loading=\"lazy\" decoding=\"async\" src=\"https:\/\/www.alexcruzel.com\/blog\/wp-content\/uploads\/2023\/03\/soin-cheveux-colores.jpg\" alt=\"\" class=\"wp-image-703\" width=\"500\" height=\"500\" srcset=\"https:\/\/www.alexcruzel.com\/blog\/wp-content\/uploads\/2023\/03\/soin-cheveux-colores.jpg 1000w, https:\/\/www.alexcruzel.com\/blog\/wp-content\/uploads\/2023\/03\/soin-cheveux-colores-300x300.jpg 300w, https:\/\/www.alexcruzel.com\/blog\/wp-content\/uploads\/2023\/03\/soin-cheveux-colores-150x150.jpg 150w, https:\/\/www.alexcruzel.com\/blog\/wp-content\/uploads\/2023\/03\/soin-cheveux-colores-768x768.jpg 768w, https:\/\/www.alexcruzel.com\/blog\/wp-content\/uploads\/2023\/03\/soin-cheveux-colores-900x900.jpg 900w, https:\/\/www.alexcruzel.com\/blog\/wp-content\/uploads\/2023\/03\/soin-cheveux-colores-400x400.jpg 400w\" sizes=\"auto, (max-width: 500px) 100vw, 500px\" \/><\/figure>\n<\/div>\n\n\n<h2 class=\"wp-block-heading\">Comment prendre soin de ses cheveux apr\u00e8s une coloration ou une d\u00e9coloration<\/h2>\n\n\n\n<p>Bien qu\u2019elle ne soit pas cens\u00e9e s\u2019estomper, une couleur peut ternir avec le temps. Cela fait partie du processus normal dit \u00ab&nbsp;de vieillissement&nbsp;\u00bb. Aussi, pour pr\u00e9server l\u2019\u00e9clat des premiers jours, je vous conseille d\u2019utiliser des produits sp\u00e9ciaux pour cheveux color\u00e9s (<a href=\"https:\/\/www.alexcruzel.com\/blog\/les-differentes-formes-de-shampoing\/\" target=\"_blank\" rel=\"noreferrer noopener\">shampoings<\/a>, apr\u00e8s-shampoings\u2026). Ces produits sont sp\u00e9cialement \u00e9labor\u00e9s pour leurs propri\u00e9t\u00e9s nettoyantes et leur hydratation intense. Vous pouvez \u00e9galement appliquer des <a href=\"https:\/\/www.alexcruzel.com\/blog\/conseils-capillaires\/\" target=\"_blank\" rel=\"noreferrer noopener\">soins<\/a>, afin de nourrir les cheveux en profondeur, sans les alourdir, par exemple, en alternant apr\u00e8s-shampoing et masque hydratant. L\u2019emploi d&rsquo;un masque couramment peut aider \u00e0 fortifier les cheveux et prendre soin de votre chevelure. Plus vos cheveux seront sensibilis\u00e9s, plus vous devrez r\u00e9aliser des masques de fa\u00e7on r\u00e9guli\u00e8re.<\/p>\n\n\n\n<p>\u00c9vitez l\u2019utilisation de <a href=\"https:\/\/www.alexcruzel.com\/blog\/le-seche-cheveux\/\" target=\"_blank\" rel=\"noreferrer noopener\">s\u00e8che-cheveux<\/a>, plaques lissantes, brosses lissantes ou tout appareil chauffant pour vous coiffer et penser \u00e0 prot\u00e9ger vos cheveux du soleil.<\/p>\n\n\n\n<p>Pour l\u2019entretien des racines&nbsp;: selon la vitesse de pousse, vous allez devoir r\u00e9guli\u00e8rement (entre 6 et 8 semaines) refaire votre coloration. Pour ne pas sensibiliser les cheveux d\u00e9j\u00e0 endommag\u00e9s, colorez uniquement les racines.<\/p>\n\n\n\n<p>Prenez donc, le plus grand soin de vos cheveux, pour les ab\u00eem\u00e9s le moins possible.<\/p>\n\n\n\n<p>Comment savoir si vous avez les cheveux ab\u00eem\u00e9s&nbsp;? Pour vous aider, voici les sympt\u00f4mes d\u2019un cheveu en mauvais \u00e9tat&nbsp;:<\/p>\n\n\n\n<ul class=\"wp-block-list\"><li>Des fourches et des cassures apparaissent sur les pointes.<\/li><li>Vous ressentez une sensation de br\u00fblure au niveau du cuir chevelu.<\/li><li>Votre cuir chevelu est irrit\u00e9 et vous d\u00e9mange.<\/li><li>Vos cheveux sont rugueux et fins.<\/li><\/ul>\n\n\n\n<p>Si l\u2019un de ces signes appara\u00eet, il est pr\u00e9f\u00e9rable de laisser de c\u00f4t\u00e9 la coloration ou d\u00e9coloration, le temps que vos cheveux se refassent une sant\u00e9.<\/p>\n\n\n<div class=\"wp-block-image\">\n<figure class=\"aligncenter size-large is-resized\"><img loading=\"lazy\" decoding=\"async\" src=\"https:\/\/www.alexcruzel.com\/blog\/wp-content\/uploads\/2021\/12\/radio-comparative-cheveux-decoloration.png\" alt=\"radio cheveu colorer\" class=\"wp-image-396\" width=\"675\" height=\"392\" srcset=\"https:\/\/www.alexcruzel.com\/blog\/wp-content\/uploads\/2021\/12\/radio-comparative-cheveux-decoloration.png 900w, https:\/\/www.alexcruzel.com\/blog\/wp-content\/uploads\/2021\/12\/radio-comparative-cheveux-decoloration-300x174.png 300w, https:\/\/www.alexcruzel.com\/blog\/wp-content\/uploads\/2021\/12\/radio-comparative-cheveux-decoloration-768x445.png 768w, https:\/\/www.alexcruzel.com\/blog\/wp-content\/uploads\/2021\/12\/radio-comparative-cheveux-decoloration-400x232.png 400w\" sizes=\"auto, (max-width: 675px) 100vw, 675px\" \/><figcaption>Cheveu ab\u00eem\u00e9 par une coloration chimique<\/figcaption><\/figure>\n<\/div>\n\n\n<h2 class=\"wp-block-heading\">Quels composants chimiques sont \u00e0 \u00e9viter pour mes cheveux&nbsp;?<\/h2>\n\n\n\n<p>La coloration chimique ab\u00eeme les cheveux, les vrais risques sont surtout leurs composants. Les compositions constitu\u00e9es de radicaux libres et de puissants oxydants peuvent favoriser la chute des cheveux et leur blanchiment.<\/p>\n\n\n\n<p>On retrouve parmi <a href=\"https:\/\/www.alexcruzel.com\/blog\/produits-dangereux-pour-nos-cheveux\/\">les composants chimiques<\/a> totalement n\u00e9fastes pour le cuir chevelu et qui sont \u00e0 \u00e9viter 4 composants :<\/p>\n\n\n\n<ol class=\"wp-block-list\"><li>Le peroxyde<\/li><li>L\u2019ammoniaque<\/li><li>Les PPD<\/li><li>Le r\u00e9sorcinol<\/li><\/ol>\n\n\n\n<p>Ils sont extr\u00eamement toxiques. Selon les proc\u00e9d\u00e9s de coloration ou de d\u00e9coloration, on en retrouve en quantit\u00e9 plus ou moins importante&nbsp;dans les flacons :<\/p>\n\n\n\n<h3 class=\"wp-block-heading\">Les colorations ton sur ton<\/h3>\n\n\n\n<p>Dans les colorations ton sur ton on retrouve des agents chimiques tels que&nbsp;:<\/p>\n\n\n\n<ul class=\"wp-block-list\"><li><strong>Les compos\u00e9s azo\u00efques<\/strong>, colorants de synth\u00e8se, ils sont utilis\u00e9s pour colorer et sont consid\u00e9r\u00e9s pour certains comme canc\u00e9rig\u00e8nes.<\/li><li><strong>Les paraph\u00e9nyl\u00e8nediamines<\/strong> (famille des PPD) utilis\u00e9s comme colorant il est allergisant et suspect\u00e9 d\u2019\u00eatre canc\u00e9rig\u00e8ne.<\/li><\/ul>\n\n\n\n<h2 class=\"wp-block-heading\">Les colorations<\/h2>\n\n\n\n<p>Deux compos\u00e9s sont particuli\u00e8rement pr\u00e9sents dans les colorations chimiques&nbsp;:<\/p>\n\n\n\n<ul class=\"wp-block-list\"><li><strong>Le<\/strong>&nbsp;<strong>PPD (paraphenylenediamine) ou diaminoazobenz\u00e8ne, <\/strong>sont de puissant allerg\u00e8ne, on en retrouve particuli\u00e8rement dans les colorations fonc\u00e9es.<\/li><li><strong>Le<\/strong>&nbsp;<strong>Toluyl\u00e8ne diamine,<\/strong> est, lui aussi, un dangereux allerg\u00e8ne.<\/li><\/ul>\n\n\n\n<h3 class=\"wp-block-heading\">Les d\u00e9colorations<\/h3>\n\n\n\n<p>Parmi les agents chimiques, on retrouve&nbsp;:<\/p>\n\n\n\n<ul class=\"wp-block-list\"><li><strong>Le r\u00e9v\u00e9lateur<\/strong>, qui pr\u00e9pare le cheveu \u00e0 recevoir la couleur.<\/li><li><strong>L\u2019ammoniaque<\/strong>, pour ouvrir les \u00e9cailles du cheveu, il peut provoquer des irritations de la peau.<\/li><li><strong>Le peroxyde d\u2019hydrog\u00e8ne<\/strong>, qui d\u00e9colore par la d\u00e9composition de la m\u00e9lanine, peut provoquer des irritations de la peau et des voies respiratoires.<\/li><li><strong>L\u2019oxydant<\/strong> qui peut contenir deux autres compos\u00e9s chimiques&nbsp;:<ul><li><strong>Les PPD (les paraph\u00e9nyl\u00e8nediamines)&nbsp;<\/strong>: allergisant et suspect\u00e9 d\u2019\u00eatre canc\u00e9rig\u00e8ne.<\/li><li><strong>Le r\u00e9sorcinol<\/strong> est un perturbateur endocrinien agissant sur la thyro\u00efde, il est neurotoxique et allerg\u00e8ne.<\/li><\/ul><\/li><\/ul>\n\n\n\n<p>Si vous souhaitez vous colorer en toute s\u00e9curit\u00e9, adopter plut\u00f4t une coloration ou d\u00e9coloration naturelle. Composer d\u2019ingr\u00e9dients d\u2019origine v\u00e9g\u00e9tale et min\u00e9rale, ses colorations ne constituent aucun risque pour la sant\u00e9. Parmi les colorations naturelles, nous avons&nbsp;:<\/p>\n\n\n\n<ul class=\"wp-block-list\"><li><strong>Le henn\u00e9<\/strong> qui donne une couleur cuivr\u00e9e sur les cheveux blonds et blancs et acajou sur les cheveux ch\u00e2tains.<\/li><li><strong>Le bois de Camp\u00eache<\/strong> qui permet d\u2019obtenir une teinte entre le gris et le noir, mais il est surtout utilis\u00e9 pour foncer les autres colorations v\u00e9g\u00e9tales.<\/li><li><strong>La graine de Roucou<\/strong> apporte au henn\u00e9 de la luminosit\u00e9 et rapproche sa teinte cuivr\u00e9e d\u2019un vrai rouge\u2026<\/li><\/ul>\n\n\n\n<p>Vous pouvez \u00e9galement faire avec les produits de coloration 100&nbsp;% v\u00e9g\u00e9taux, que l\u2019on retrouve maintenant en vente. Au-del\u00e0 de ces nombreux avantages, la coloration naturelle permet aux femmes enceintes et allaitantes, sans risque pour le f\u0153tus, de se colorer les cheveux contrairement aux colorations chimiques.<\/p>\n","protected":false},"excerpt":{"rendered":"<p>Vous avez les cheveux boucl\u00e9s, fris\u00e9s ou lisses et vous vous \u00eates d\u00e9j\u00e0 pos\u00e9 les questions suivantes&nbsp;: Est-ce que je peux sans crainte me colorer ou d\u00e9colorer les cheveux&nbsp;? La coloration ou la d\u00e9coloration peut-elle ab\u00eemer mes cheveux&nbsp;? Est-ce que je vais pouvoir conserver mes boucles&nbsp;? Tout d&rsquo;abord, avant d\u2019effectuer la moindre transformation capillaire, il &hellip; <\/p>\n","protected":false},"author":5,"featured_media":408,"comment_status":"open","ping_status":"open","sticky":false,"template":"","format":"standard","meta":{"footnotes":""},"categories":[1],"tags":[],"class_list":["post-397","post","type-post","status-publish","format-standard","has-post-thumbnail","hentry","category-non-classe"],"_links":{"self":[{"href":"https:\/\/www.alexcruzel.com\/blog\/wp-json\/wp\/v2\/posts\/397","targetHints":{"allow":["GET"]}}],"collection":[{"href":"https:\/\/www.alexcruzel.com\/blog\/wp-json\/wp\/v2\/posts"}],"about":[{"href":"https:\/\/www.alexcruzel.com\/blog\/wp-json\/wp\/v2\/types\/post"}],"author":[{"embeddable":true,"href":"https:\/\/www.alexcruzel.com\/blog\/wp-json\/wp\/v2\/users\/5"}],"replies":[{"embeddable":true,"href":"https:\/\/www.alexcruzel.com\/blog\/wp-json\/wp\/v2\/comments?post=397"}],"version-history":[{"count":13,"href":"https:\/\/www.alexcruzel.com\/blog\/wp-json\/wp\/v2\/posts\/397\/revisions"}],"predecessor-version":[{"id":794,"href":"https:\/\/www.alexcruzel.com\/blog\/wp-json\/wp\/v2\/posts\/397\/revisions\/794"}],"wp:featuredmedia":[{"embeddable":true,"href":"https:\/\/www.alexcruzel.com\/blog\/wp-json\/wp\/v2\/media\/408"}],"wp:attachment":[{"href":"https:\/\/www.alexcruzel.com\/blog\/wp-json\/wp\/v2\/media?parent=397"}],"wp:term":[{"taxonomy":"category","embeddable":true,"href":"https:\/\/www.alexcruzel.com\/blog\/wp-json\/wp\/v2\/categories?post=397"},{"taxonomy":"post_tag","embeddable":true,"href":"https:\/\/www.alexcruzel.com\/blog\/wp-json\/wp\/v2\/tags?post=397"}],"curies":[{"name":"wp","href":"https:\/\/api.w.org\/{rel}","templated":true}]}}