{"id":88,"date":"2020-11-17T11:50:04","date_gmt":"2020-11-17T10:50:04","guid":{"rendered":"https:\/\/alexcruzel.com\/blog\/?p=88"},"modified":"2024-07-16T13:52:23","modified_gmt":"2024-07-16T11:52:23","slug":"conseils-capillaires","status":"publish","type":"post","link":"https:\/\/www.alexcruzel.com\/blog\/conseils-capillaires\/","title":{"rendered":"Petits conseils capillaires"},"content":{"rendered":"\n<p>L&rsquo;entretien des cheveux peut para\u00eetre \u00e0 certains et certaines complexes, aussi, afin de vous aider \u00e0 entretenir votre soyeuse crini\u00e8re, voici des conseils capillaires bons \u00e0 savoir. <\/p>\n\n\n\n<h2 class=\"wp-block-heading\">Se frotter les cheveux \u00e0 la serviette<\/h2>\n\n\n\n<p>Une grande majorit\u00e9 de personnes fait l&rsquo;erreur de se frotter les cheveux \u00e0 la serviette. Mais se frictionner les cheveux pour les s\u00e9cher est tr\u00e8s agressif et mauvais, pouvant m\u00eame casser la fibre capillaire. Les diff\u00e9rentes couches d&rsquo;\u00e9cailles se d\u00e9tachent les unes des autres et sont moins perm\u00e9ables pour les cheveux. De plus, cela peut accentuer l&rsquo;effet frisottis et l&rsquo;aspect mousseux. <\/p>\n\n\n\n<p>Pour les personnes avec des cheveux courts, \u00e0 tr\u00e8s courts, se frotter les cheveux avec une serviette est possible. Et, pour les autres longueurs de cheveux naturels, qui ont subi des colorations ou tout apport de produits chimiques, prenez une serviette en microfibre.<\/p>\n\n\n\n<p>La serviette microfibre a pour but d&rsquo;absorber un maximum d&rsquo;eau sans frotter et acc\u00e9l\u00e8re <a href=\"https:\/\/www.alexcruzel.com\/blog\/secher-naturellement-ses-cheveux\/\">le s\u00e9chage<\/a>. Cette technique est tr\u00e8s utilis\u00e9e pour les cheveux boucl\u00e9s, car cela limite les frisottis, l&rsquo;ennemi n\u00b01 des cheveux cr\u00e9pus. Certaines utilisent m\u00eame cette m\u00e9thode pour red\u00e9finir leurs boucles. Voici comment.<\/p>\n\n\n\n<ol class=\"wp-block-list\">\n<li>Appliquez une cr\u00e8me de jour (<em><a href=\"https:\/\/alexcruzel.com\/shop\/24-curl-cream-de-chez-boucleme.html\">Curl Cream de Boucl\u00e8me<\/a><\/em>) pour bien d\u00e9m\u00ealer vos cheveux et une autre pour d\u00e9finir vos boucles (<em><a href=\"https:\/\/alexcruzel.com\/shop\/25-curls-defining-gel-de-chez-boucleme.html\">Defining Gel<\/a><\/em>, <em>Curl Styling Gel <\/em>ou <em><a href=\"https:\/\/alexcruzel.com\/shop\/26-super-hold-styler-de-chez-boucleme.html\">Super Hold Styler<\/a><\/em>).<\/li>\n\n\n\n<li>Mettez votre t\u00eate en avant et scrunchez vos cheveux vers les racines, en restant sur chaque m\u00e8che 15 \u00e0 20 secondes.<\/li>\n\n\n\n<li>Placez la serviette microfibre et laissez s\u00e9cher quelques heures ou en fonction du temps dont vous disposez.<\/li>\n\n\n\n<li>Les boucles seront ainsi plus d\u00e9finies et bien prot\u00e9g\u00e9es.<\/li>\n<\/ol>\n\n\n<div class=\"wp-block-image\">\n<figure class=\"aligncenter size-full is-resized\"><img loading=\"lazy\" decoding=\"async\" width=\"1000\" height=\"1000\" src=\"https:\/\/www.alexcruzel.com\/blog\/wp-content\/uploads\/2023\/02\/secher-les-cheveux.jpg\" alt=\"\" class=\"wp-image-557\" style=\"width:500px;height:500px\" srcset=\"https:\/\/www.alexcruzel.com\/blog\/wp-content\/uploads\/2023\/02\/secher-les-cheveux.jpg 1000w, https:\/\/www.alexcruzel.com\/blog\/wp-content\/uploads\/2023\/02\/secher-les-cheveux-300x300.jpg 300w, https:\/\/www.alexcruzel.com\/blog\/wp-content\/uploads\/2023\/02\/secher-les-cheveux-150x150.jpg 150w, https:\/\/www.alexcruzel.com\/blog\/wp-content\/uploads\/2023\/02\/secher-les-cheveux-768x768.jpg 768w, https:\/\/www.alexcruzel.com\/blog\/wp-content\/uploads\/2023\/02\/secher-les-cheveux-900x900.jpg 900w, https:\/\/www.alexcruzel.com\/blog\/wp-content\/uploads\/2023\/02\/secher-les-cheveux-400x400.jpg 400w\" sizes=\"auto, (max-width: 1000px) 100vw, 1000px\" \/><\/figure>\n<\/div>\n\n\n<h2 class=\"wp-block-heading\">D\u00e9m\u00ealer les cheveux mouill\u00e9s<\/h2>\n\n\n\n<p>Oui, c&rsquo;est bien de se d\u00e9m\u00ealer les cheveux mouill\u00e9s, mais pas n&rsquo;importe comment. Tout d&rsquo;abord, on commence par appliquer un soin (<a href=\"https:\/\/alexcruzel.com\/shop\/22-intensive-moisture-treatement-de-chez-boucleme.html\"><em>Intensive Moisture Treatment<\/em> <\/a>ou <em><a href=\"https:\/\/alexcruzel.com\/shop\/23-curls-conditioner-de-chez-boucleme.html\">Curl Conditionner<\/a><\/em> de Boucl\u00e8me) pour tous types de boucles. Pour les autres <a href=\"https:\/\/www.alexcruzel.com\/blog\/cheveux-boucles\/\">types de cheveux<\/a>, on utilisera un masque de la gamme \u00ab\u00a0Mon Shampoing\u00a0\u00bb (<em>Masque Nourrissant<\/em> pour tout type de cheveux, enrichi en k\u00e9ratine et baie de goji ou le <em>Masque Soin Intense<\/em> pour cheveux tr\u00e8s secs avec de l&rsquo;huile de coco et de l&rsquo;huile de cam\u00e9lia). Puis laisser poser le temps n\u00e9cessaire et d\u00e9m\u00ealer au maximum sans tirer, pour \u00e9viter de casser le cheveu. Un soin sert surtout \u00e0 hydrater et pas vraiment \u00e0 d\u00e9m\u00ealer.<\/p>\n\n\n\n<p>Pour un d\u00e9m\u00ealage parfait, commencez par rincer le soin et appliquez une cr\u00e8me de jour (<em>Curl\u00a0Cream<\/em>\u00a0pour cheveux boucl\u00e9s ou <em>Spray d\u00e9m\u00ealant et nourrissan<\/em>t <em>sans rin\u00e7age<\/em> de la gamme Mon Shampoing). Ensuite, malaxez le produit dans les longueurs pour le faire p\u00e9n\u00e9trer, 1 \u00e0 2 minutes. Si vous appliquez <a href=\"https:\/\/www.alexcruzel.com\/blog\/produits-capillaires-pour-boucles\/\">les bons produits<\/a>, le d\u00e9m\u00ealage se fait \u00e0 90\u2009% avec les doigts. Les 10\u2009% restant se font avec un peigne aux dents larges pour commencer et un peigne aux dents plus serr\u00e9es pour finir.<\/p>\n\n\n\n<p>Et voil\u00e0, le tour est jou\u00e9\u202f!<\/p>\n\n\n\n<figure class=\"wp-block-gallery has-nested-images columns-default is-cropped wp-block-gallery-1 is-layout-flex wp-block-gallery-is-layout-flex\">\n<figure class=\"wp-block-image size-full is-style-rounded\"><a href=\"https:\/\/alexcruzel.com\/shop\/23-curls-conditioner-de-chez-boucleme.html\"><img loading=\"lazy\" decoding=\"async\" width=\"800\" height=\"800\" data-id=\"459\" src=\"https:\/\/www.alexcruzel.com\/blog\/wp-content\/uploads\/2021\/12\/curls-conditioner-de-chez-boucleme.jpeg\" alt=\"\" class=\"wp-image-459\" srcset=\"https:\/\/www.alexcruzel.com\/blog\/wp-content\/uploads\/2021\/12\/curls-conditioner-de-chez-boucleme.jpeg 800w, https:\/\/www.alexcruzel.com\/blog\/wp-content\/uploads\/2021\/12\/curls-conditioner-de-chez-boucleme-300x300.jpeg 300w, https:\/\/www.alexcruzel.com\/blog\/wp-content\/uploads\/2021\/12\/curls-conditioner-de-chez-boucleme-150x150.jpeg 150w, https:\/\/www.alexcruzel.com\/blog\/wp-content\/uploads\/2021\/12\/curls-conditioner-de-chez-boucleme-768x768.jpeg 768w, https:\/\/www.alexcruzel.com\/blog\/wp-content\/uploads\/2021\/12\/curls-conditioner-de-chez-boucleme-400x400.jpeg 400w\" sizes=\"auto, (max-width: 800px) 100vw, 800px\" \/><\/a><figcaption class=\"wp-element-caption\">29\u20ac ttc Curls Conditionneur Boucl\u00e8me<\/figcaption><\/figure>\n\n\n\n<figure class=\"wp-block-image size-full is-style-rounded\"><a href=\"https:\/\/alexcruzel.com\/shop\/34-serum-sublime-a-la-keratine-de-chez-mon-shampoing.html\"><img loading=\"lazy\" decoding=\"async\" width=\"800\" height=\"800\" data-id=\"458\" src=\"https:\/\/www.alexcruzel.com\/blog\/wp-content\/uploads\/2021\/12\/serum-sublime-a-la-keratine-de-chez-mon-shampoing.jpeg\" alt=\"\" class=\"wp-image-458\" srcset=\"https:\/\/www.alexcruzel.com\/blog\/wp-content\/uploads\/2021\/12\/serum-sublime-a-la-keratine-de-chez-mon-shampoing.jpeg 800w, https:\/\/www.alexcruzel.com\/blog\/wp-content\/uploads\/2021\/12\/serum-sublime-a-la-keratine-de-chez-mon-shampoing-300x300.jpeg 300w, https:\/\/www.alexcruzel.com\/blog\/wp-content\/uploads\/2021\/12\/serum-sublime-a-la-keratine-de-chez-mon-shampoing-150x150.jpeg 150w, https:\/\/www.alexcruzel.com\/blog\/wp-content\/uploads\/2021\/12\/serum-sublime-a-la-keratine-de-chez-mon-shampoing-768x768.jpeg 768w, https:\/\/www.alexcruzel.com\/blog\/wp-content\/uploads\/2021\/12\/serum-sublime-a-la-keratine-de-chez-mon-shampoing-400x400.jpeg 400w\" sizes=\"auto, (max-width: 800px) 100vw, 800px\" \/><\/a><figcaption class=\"wp-element-caption\">38\u20ac ttc S\u00e9rum sublime \u00e0 la K\u00e9ratine Mon shampoing<br><\/figcaption><\/figure>\n\n\n\n<figure class=\"wp-block-image size-full is-style-rounded\"><a href=\"https:\/\/alexcruzel.com\/shop\/40-booster-cheveux-frises-et-secs-de-chez-mon-shampoing.html\"><img loading=\"lazy\" decoding=\"async\" width=\"800\" height=\"800\" data-id=\"457\" src=\"https:\/\/www.alexcruzel.com\/blog\/wp-content\/uploads\/2021\/12\/booster-cheveux-frises-et-secs-de-chez-mon-shampoing.jpeg\" alt=\"\" class=\"wp-image-457\" srcset=\"https:\/\/www.alexcruzel.com\/blog\/wp-content\/uploads\/2021\/12\/booster-cheveux-frises-et-secs-de-chez-mon-shampoing.jpeg 800w, https:\/\/www.alexcruzel.com\/blog\/wp-content\/uploads\/2021\/12\/booster-cheveux-frises-et-secs-de-chez-mon-shampoing-300x300.jpeg 300w, https:\/\/www.alexcruzel.com\/blog\/wp-content\/uploads\/2021\/12\/booster-cheveux-frises-et-secs-de-chez-mon-shampoing-150x150.jpeg 150w, https:\/\/www.alexcruzel.com\/blog\/wp-content\/uploads\/2021\/12\/booster-cheveux-frises-et-secs-de-chez-mon-shampoing-768x768.jpeg 768w, https:\/\/www.alexcruzel.com\/blog\/wp-content\/uploads\/2021\/12\/booster-cheveux-frises-et-secs-de-chez-mon-shampoing-400x400.jpeg 400w\" sizes=\"auto, (max-width: 800px) 100vw, 800px\" \/><\/a><figcaption class=\"wp-element-caption\">12\u20ac ttc Booster cheveux fris\u00e9s et secs Mon shampoing<\/figcaption><\/figure>\n<\/figure>\n\n\n\n<h2 class=\"wp-block-heading\">Dormir avec les cheveux mouill\u00e9s<\/h2>\n\n\n\n<p>Alors, c&rsquo;est oui \u00e0 partir du moment o\u00f9 vous vous plaquez les cheveux et que vous faites une tresse sur le reste des longueurs ou que vous mettez une serviette sur l&rsquo;oreiller. Attention ! un cheveu gorg\u00e9 d&rsquo;eau est un cheveu vuln\u00e9rable. C&rsquo;est pourquoi il n&rsquo;est pas conseill\u00e9 de dormir avec les cheveux mouill\u00e9s ou du moins des cheveux mouill\u00e9s non attach\u00e9s. Cela emm\u00ealerait les cheveux. De plus, le frottement avec l&rsquo;oreiller accentue les frisottis, ce qui peut casser ou endommager fortement <a href=\"https:\/\/www.alexcruzel.com\/blog\/traitements-proteines\/\">la fibre capillaire<\/a>. Cela occasionne \u00e9galement de faux plis \u00e0 la racine et parfois de mani\u00e8re d\u00e9finitive. L&rsquo;humidit\u00e9, la chaleur corporelle, l&rsquo;oreiller rempli de micro-organismes sont propices au d\u00e9veloppement de bact\u00e9ries, qui peuvent aussi favoriser l&rsquo;apparition des pellicules.<\/p>\n\n\n\n<h2 class=\"wp-block-heading\">Poss\u00e9der un bon diffuseur<\/h2>\n\n\n\n<p>Enfin, pour cr\u00e9er du volume, obtenir <a href=\"https:\/\/www.alexcruzel.com\/blog\/co-wash\/\">une meilleure d\u00e9finition<\/a>, plus de brillance, de l\u00e9g\u00e8ret\u00e9 et de tonicit\u00e9 au niveau des boucles, de bons accessoires, c&rsquo;est primordial. Pour ma part, je conseille le <a href=\"https:\/\/alexcruzel.com\/shop\/66-diffuseur-chaussette-de-chez-ys-park.html\">diffuseur chaussette<\/a>, compatible avec tous les s\u00e8che-cheveux, indispensable pour tous les types de <a href=\"https:\/\/www.alexcruzel.com\/blog\/cheveux-boucles\/\">cheveux boucl\u00e9s<\/a>. Il permet de sublimer vos cheveux \u00e0 travers une lente diffusion de la chaleur avec tr\u00e8s peu de ventilation. C&rsquo;est l&rsquo;accessoire qui se rapproche le plus du <a href=\"https:\/\/www.alexcruzel.com\/blog\/le-seche-cheveux\/\">s\u00e9chage naturel<\/a> \u00e0 l&rsquo;air libre.<\/p>\n","protected":false},"excerpt":{"rendered":"<p>L&rsquo;entretien des cheveux peut para\u00eetre \u00e0 certains et certaines complexes, aussi, afin de vous aider \u00e0 entretenir votre soyeuse crini\u00e8re, voici des conseils capillaires bons \u00e0 savoir. Se frotter les cheveux \u00e0 la serviette Une grande majorit\u00e9 de personnes fait l&rsquo;erreur de se frotter les cheveux \u00e0 la serviette. Mais se frictionner les cheveux pour &hellip; <\/p>\n","protected":false},"author":5,"featured_media":113,"comment_status":"open","ping_status":"open","sticky":false,"template":"","format":"standard","meta":{"footnotes":""},"categories":[1],"tags":[],"class_list":["post-88","post","type-post","status-publish","format-standard","has-post-thumbnail","hentry","category-non-classe"],"_links":{"self":[{"href":"https:\/\/www.alexcruzel.com\/blog\/wp-json\/wp\/v2\/posts\/88","targetHints":{"allow":["GET"]}}],"collection":[{"href":"https:\/\/www.alexcruzel.com\/blog\/wp-json\/wp\/v2\/posts"}],"about":[{"href":"https:\/\/www.alexcruzel.com\/blog\/wp-json\/wp\/v2\/types\/post"}],"author":[{"embeddable":true,"href":"https:\/\/www.alexcruzel.com\/blog\/wp-json\/wp\/v2\/users\/5"}],"replies":[{"embeddable":true,"href":"https:\/\/www.alexcruzel.com\/blog\/wp-json\/wp\/v2\/comments?post=88"}],"version-history":[{"count":12,"href":"https:\/\/www.alexcruzel.com\/blog\/wp-json\/wp\/v2\/posts\/88\/revisions"}],"predecessor-version":[{"id":930,"href":"https:\/\/www.alexcruzel.com\/blog\/wp-json\/wp\/v2\/posts\/88\/revisions\/930"}],"wp:featuredmedia":[{"embeddable":true,"href":"https:\/\/www.alexcruzel.com\/blog\/wp-json\/wp\/v2\/media\/113"}],"wp:attachment":[{"href":"https:\/\/www.alexcruzel.com\/blog\/wp-json\/wp\/v2\/media?parent=88"}],"wp:term":[{"taxonomy":"category","embeddable":true,"href":"https:\/\/www.alexcruzel.com\/blog\/wp-json\/wp\/v2\/categories?post=88"},{"taxonomy":"post_tag","embeddable":true,"href":"https:\/\/www.alexcruzel.com\/blog\/wp-json\/wp\/v2\/tags?post=88"}],"curies":[{"name":"wp","href":"https:\/\/api.w.org\/{rel}","templated":true}]}}